{"id":24363,"date":"2025-12-09T13:55:21","date_gmt":"2025-12-09T12:55:21","guid":{"rendered":"https:\/\/www.marinadofunchal.pt\/islandmadeira\/?p=24363"},"modified":"2025-12-09T13:55:21","modified_gmt":"2025-12-09T12:55:21","slug":"marina-do-funchal-reconhecida-na-reuniao-regional-de-balanco-do-programa-bandeira-azul-2025","status":"publish","type":"post","link":"https:\/\/www.marinadofunchal.pt\/islandmadeira\/marina-do-funchal-reconhecida-na-reuniao-regional-de-balanco-do-programa-bandeira-azul-2025\/","title":{"rendered":"Marina do Funchal reconhecida na reuni\u00e3o regional de balan\u00e7o do Programa Bandeira Azul 2025"},"content":{"rendered":"<p>Na passada sexta-feira 28 de novembro, no <strong>Audit\u00f3rio do Edif\u00edcio do Campo da Barca<\/strong>, decorreu a reuni\u00e3o regional de balan\u00e7o do Programa Bandeira Azul 2025, e prepara\u00e7\u00e3o da edi\u00e7\u00e3o de 2026.<\/p>\n<p>Foi com grande honra e satisfa\u00e7\u00e3o que a Marina do Funchal foi galardoada com o Certificado Internacional Bandeira Azul, por atingir padr\u00f5es de excel\u00eancia na seguran\u00e7a, na educa\u00e7\u00e3o e gest\u00e3o ambiental, no per\u00edodo entre 2016 e 2025.<\/p>\n<p>Na mesma reuni\u00e3o tamb\u00e9m foi atribu\u00eddo \u00e0 Marina do Funchal pr\u00e9mio MARINA MAIS AZUL 2024, com o Reconhecimento pelo excelente desempenho nas atividades de Educa\u00e7\u00e3o Ambiental, pela Associa\u00e7\u00e3o Bandeira Azul de Ambiente e Educa\u00e7\u00e3o e pela Ag\u00eancia Portuguesa de Ambiente.<\/p>\n<p>A Bandeira Azul \u00e9 um importante galard\u00e3o de qualidade ambiental, que a Marina do Funchal possui desde 1988. Este galard\u00e3o \u00e9 atribu\u00eddo anualmente, pela Associa\u00e7\u00e3o Bandeira Azul Europa, a Marinas que cumpram um conjunto de crit\u00e9rios, nomeadamente a educa\u00e7\u00e3o e informa\u00e7\u00e3o ambiental, a gest\u00e3o ambiental, a seguran\u00e7a, servi\u00e7os e a qualidade da \u00e1gua.<\/p>\n<div id='gallery-1' class='gallery galleryid-24363 gallery-columns-3 gallery-size-qwery-thumb-med'><figure class='gallery-item'>\n\t\t\t<div class='gallery-icon landscape'>\n\t\t\t\t<a href='https:\/\/www.marinadofunchal.pt\/islandmadeira\/wp-content\/uploads\/2025\/12\/20251205_114629-scaled.jpg'><img loading=\"lazy\" decoding=\"async\" width=\"410\" height=\"230\" src=\"https:\/\/www.marinadofunchal.pt\/islandmadeira\/wp-content\/uploads\/2025\/12\/20251205_114629-410x230.jpg\" class=\"attachment-qwery-thumb-med size-qwery-thumb-med\" alt=\"\" srcset=\"https:\/\/www.marinadofunchal.pt\/islandmadeira\/wp-content\/uploads\/2025\/12\/20251205_114629-410x230.jpg 410w, https:\/\/www.marinadofunchal.pt\/islandmadeira\/wp-content\/uploads\/2025\/12\/20251205_114629-1290x725.jpg 1290w, https:\/\/www.marinadofunchal.pt\/islandmadeira\/wp-content\/uploads\/2025\/12\/20251205_114629-840x473.jpg 840w, https:\/\/www.marinadofunchal.pt\/islandmadeira\/wp-content\/uploads\/2025\/12\/20251205_114629-270x152.jpg 270w\" sizes=\"auto, (max-width: 600px) 100vw, 410px\" \/><\/a>\n\t\t\t<\/div><\/figure><figure class='gallery-item'>\n\t\t\t<div class='gallery-icon landscape'>\n\t\t\t\t<a href='https:\/\/www.marinadofunchal.pt\/islandmadeira\/wp-content\/uploads\/2025\/12\/20251209_113437-scaled.jpg'><img loading=\"lazy\" decoding=\"async\" width=\"410\" height=\"230\" src=\"https:\/\/www.marinadofunchal.pt\/islandmadeira\/wp-content\/uploads\/2025\/12\/20251209_113437-410x230.jpg\" class=\"attachment-qwery-thumb-med size-qwery-thumb-med\" alt=\"\" srcset=\"https:\/\/www.marinadofunchal.pt\/islandmadeira\/wp-content\/uploads\/2025\/12\/20251209_113437-410x230.jpg 410w, https:\/\/www.marinadofunchal.pt\/islandmadeira\/wp-content\/uploads\/2025\/12\/20251209_113437-1290x725.jpg 1290w, https:\/\/www.marinadofunchal.pt\/islandmadeira\/wp-content\/uploads\/2025\/12\/20251209_113437-840x473.jpg 840w, https:\/\/www.marinadofunchal.pt\/islandmadeira\/wp-content\/uploads\/2025\/12\/20251209_113437-270x152.jpg 270w\" sizes=\"auto, (max-width: 600px) 100vw, 410px\" \/><\/a>\n\t\t\t<\/div><\/figure><figure class='gallery-item'>\n\t\t\t<div class='gallery-icon landscape'>\n\t\t\t\t<a href='https:\/\/www.marinadofunchal.pt\/islandmadeira\/wp-content\/uploads\/2025\/12\/Imagem-WhatsApp-2025-12-02-as-09.51.32_d9f588f2.jpg'><img loading=\"lazy\" decoding=\"async\" width=\"410\" height=\"230\" src=\"https:\/\/www.marinadofunchal.pt\/islandmadeira\/wp-content\/uploads\/2025\/12\/Imagem-WhatsApp-2025-12-02-as-09.51.32_d9f588f2-410x230.jpg\" class=\"attachment-qwery-thumb-med size-qwery-thumb-med\" alt=\"\" srcset=\"https:\/\/www.marinadofunchal.pt\/islandmadeira\/wp-content\/uploads\/2025\/12\/Imagem-WhatsApp-2025-12-02-as-09.51.32_d9f588f2-410x230.jpg 410w, https:\/\/www.marinadofunchal.pt\/islandmadeira\/wp-content\/uploads\/2025\/12\/Imagem-WhatsApp-2025-12-02-as-09.51.32_d9f588f2-1290x725.jpg 1290w, https:\/\/www.marinadofunchal.pt\/islandmadeira\/wp-content\/uploads\/2025\/12\/Imagem-WhatsApp-2025-12-02-as-09.51.32_d9f588f2-840x473.jpg 840w, https:\/\/www.marinadofunchal.pt\/islandmadeira\/wp-content\/uploads\/2025\/12\/Imagem-WhatsApp-2025-12-02-as-09.51.32_d9f588f2-270x152.jpg 270w\" sizes=\"auto, (max-width: 600px) 100vw, 410px\" \/><\/a>\n\t\t\t<\/div><\/figure>\n\t\t<\/div>\n\n","protected":false},"excerpt":{"rendered":"<p>Na passada sexta-feira 28 de novembro, no Audit\u00f3rio do Edif\u00edcio do Campo da Barca, decorreu&hellip;<\/p>\n","protected":false},"author":1,"featured_media":24367,"comment_status":"open","ping_status":"open","sticky":false,"template":"","format":"standard","meta":{"footnotes":""},"categories":[1],"tags":[],"class_list":["post-24363","post","type-post","status-publish","format-standard","has-post-thumbnail","hentry","category-noticias"],"yoast_head":"<!-- This site is optimized with the Yoast SEO plugin v27.0 - https:\/\/yoast.com\/product\/yoast-seo-wordpress\/ -->\n<title>Marina do Funchal reconhecida na reuni\u00e3o regional de balan\u00e7o do Programa Bandeira Azul 2025 - Marina do Funchal<\/title>\n<meta name=\"robots\" content=\"index, follow, max-snippet:-1, max-image-preview:large, max-video-preview:-1\" \/>\n<link rel=\"canonical\" href=\"https:\/\/www.marinadofunchal.pt\/islandmadeira\/marina-do-funchal-reconhecida-na-reuniao-regional-de-balanco-do-programa-bandeira-azul-2025\/\" \/>\n<meta property=\"og:locale\" content=\"pt_PT\" \/>\n<meta property=\"og:type\" content=\"article\" \/>\n<meta property=\"og:title\" content=\"Marina do Funchal reconhecida na reuni\u00e3o regional de balan\u00e7o do Programa Bandeira Azul 2025 - Marina do Funchal\" \/>\n<meta property=\"og:description\" content=\"Na passada sexta-feira 28 de novembro, no Audit\u00f3rio do Edif\u00edcio do Campo da Barca, decorreu&hellip;\" \/>\n<meta property=\"og:url\" content=\"https:\/\/www.marinadofunchal.pt\/islandmadeira\/marina-do-funchal-reconhecida-na-reuniao-regional-de-balanco-do-programa-bandeira-azul-2025\/\" \/>\n<meta property=\"og:site_name\" content=\"Marina do Funchal\" \/>\n<meta property=\"article:published_time\" content=\"2025-12-09T12:55:21+00:00\" \/>\n<meta property=\"og:image\" content=\"https:\/\/www.marinadofunchal.pt\/islandmadeira\/wp-content\/uploads\/2025\/12\/Imagem-WhatsApp-2025-12-02-as-09.51.32_d9f588f2.jpg\" \/>\n\t<meta property=\"og:image:width\" content=\"2048\" \/>\n\t<meta property=\"og:image:height\" content=\"1536\" \/>\n\t<meta property=\"og:image:type\" content=\"image\/jpeg\" \/>\n<meta name=\"author\" content=\"admin\" \/>\n<meta name=\"twitter:card\" content=\"summary_large_image\" \/>\n<meta name=\"twitter:label1\" content=\"Escrito por\" \/>\n\t<meta name=\"twitter:data1\" content=\"admin\" \/>\n\t<meta name=\"twitter:label2\" content=\"Tempo estimado de leitura\" \/>\n\t<meta name=\"twitter:data2\" content=\"2 minutos\" \/>\n<script type=\"application\/ld+json\" class=\"yoast-schema-graph\">{\"@context\":\"https:\/\/schema.org\",\"@graph\":[{\"@type\":\"Article\",\"@id\":\"https:\/\/www.marinadofunchal.pt\/islandmadeira\/marina-do-funchal-reconhecida-na-reuniao-regional-de-balanco-do-programa-bandeira-azul-2025\/#article\",\"isPartOf\":{\"@id\":\"https:\/\/www.marinadofunchal.pt\/islandmadeira\/marina-do-funchal-reconhecida-na-reuniao-regional-de-balanco-do-programa-bandeira-azul-2025\/\"},\"author\":{\"name\":\"admin\",\"@id\":\"https:\/\/www.marinadofunchal.pt\/islandmadeira\/#\/schema\/person\/5addc0edd56234b89f93d35f5d7db103\"},\"headline\":\"Marina do Funchal reconhecida na reuni\u00e3o regional de balan\u00e7o do Programa Bandeira Azul 2025\",\"datePublished\":\"2025-12-09T12:55:21+00:00\",\"mainEntityOfPage\":{\"@id\":\"https:\/\/www.marinadofunchal.pt\/islandmadeira\/marina-do-funchal-reconhecida-na-reuniao-regional-de-balanco-do-programa-bandeira-azul-2025\/\"},\"wordCount\":203,\"commentCount\":0,\"publisher\":{\"@id\":\"https:\/\/www.marinadofunchal.pt\/islandmadeira\/#organization\"},\"image\":{\"@id\":\"https:\/\/www.marinadofunchal.pt\/islandmadeira\/marina-do-funchal-reconhecida-na-reuniao-regional-de-balanco-do-programa-bandeira-azul-2025\/#primaryimage\"},\"thumbnailUrl\":\"https:\/\/www.marinadofunchal.pt\/islandmadeira\/wp-content\/uploads\/2025\/12\/Imagem-WhatsApp-2025-12-02-as-09.51.32_d9f588f2.jpg\",\"articleSection\":[\"Not\u00edcias\"],\"inLanguage\":\"pt-PT\",\"potentialAction\":[{\"@type\":\"CommentAction\",\"name\":\"Comment\",\"target\":[\"https:\/\/www.marinadofunchal.pt\/islandmadeira\/marina-do-funchal-reconhecida-na-reuniao-regional-de-balanco-do-programa-bandeira-azul-2025\/#respond\"]}]},{\"@type\":\"WebPage\",\"@id\":\"https:\/\/www.marinadofunchal.pt\/islandmadeira\/marina-do-funchal-reconhecida-na-reuniao-regional-de-balanco-do-programa-bandeira-azul-2025\/\",\"url\":\"https:\/\/www.marinadofunchal.pt\/islandmadeira\/marina-do-funchal-reconhecida-na-reuniao-regional-de-balanco-do-programa-bandeira-azul-2025\/\",\"name\":\"Marina do Funchal reconhecida na reuni\u00e3o regional de balan\u00e7o do Programa Bandeira Azul 2025 - Marina do Funchal\",\"isPartOf\":{\"@id\":\"https:\/\/www.marinadofunchal.pt\/islandmadeira\/#website\"},\"primaryImageOfPage\":{\"@id\":\"https:\/\/www.marinadofunchal.pt\/islandmadeira\/marina-do-funchal-reconhecida-na-reuniao-regional-de-balanco-do-programa-bandeira-azul-2025\/#primaryimage\"},\"image\":{\"@id\":\"https:\/\/www.marinadofunchal.pt\/islandmadeira\/marina-do-funchal-reconhecida-na-reuniao-regional-de-balanco-do-programa-bandeira-azul-2025\/#primaryimage\"},\"thumbnailUrl\":\"https:\/\/www.marinadofunchal.pt\/islandmadeira\/wp-content\/uploads\/2025\/12\/Imagem-WhatsApp-2025-12-02-as-09.51.32_d9f588f2.jpg\",\"datePublished\":\"2025-12-09T12:55:21+00:00\",\"breadcrumb\":{\"@id\":\"https:\/\/www.marinadofunchal.pt\/islandmadeira\/marina-do-funchal-reconhecida-na-reuniao-regional-de-balanco-do-programa-bandeira-azul-2025\/#breadcrumb\"},\"inLanguage\":\"pt-PT\",\"potentialAction\":[{\"@type\":\"ReadAction\",\"target\":[\"https:\/\/www.marinadofunchal.pt\/islandmadeira\/marina-do-funchal-reconhecida-na-reuniao-regional-de-balanco-do-programa-bandeira-azul-2025\/\"]}]},{\"@type\":\"ImageObject\",\"inLanguage\":\"pt-PT\",\"@id\":\"https:\/\/www.marinadofunchal.pt\/islandmadeira\/marina-do-funchal-reconhecida-na-reuniao-regional-de-balanco-do-programa-bandeira-azul-2025\/#primaryimage\",\"url\":\"https:\/\/www.marinadofunchal.pt\/islandmadeira\/wp-content\/uploads\/2025\/12\/Imagem-WhatsApp-2025-12-02-as-09.51.32_d9f588f2.jpg\",\"contentUrl\":\"https:\/\/www.marinadofunchal.pt\/islandmadeira\/wp-content\/uploads\/2025\/12\/Imagem-WhatsApp-2025-12-02-as-09.51.32_d9f588f2.jpg\",\"width\":2048,\"height\":1536},{\"@type\":\"BreadcrumbList\",\"@id\":\"https:\/\/www.marinadofunchal.pt\/islandmadeira\/marina-do-funchal-reconhecida-na-reuniao-regional-de-balanco-do-programa-bandeira-azul-2025\/#breadcrumb\",\"itemListElement\":[{\"@type\":\"ListItem\",\"position\":1,\"name\":\"In\u00edcio\",\"item\":\"https:\/\/www.marinadofunchal.pt\/islandmadeira\/\"},{\"@type\":\"ListItem\",\"position\":2,\"name\":\"Marina do Funchal reconhecida na reuni\u00e3o regional de balan\u00e7o do Programa Bandeira Azul 2025\"}]},{\"@type\":\"WebSite\",\"@id\":\"https:\/\/www.marinadofunchal.pt\/islandmadeira\/#website\",\"url\":\"https:\/\/www.marinadofunchal.pt\/islandmadeira\/\",\"name\":\"Marina do Funchal\",\"description\":\"Ilha da Madeira\",\"publisher\":{\"@id\":\"https:\/\/www.marinadofunchal.pt\/islandmadeira\/#organization\"},\"potentialAction\":[{\"@type\":\"SearchAction\",\"target\":{\"@type\":\"EntryPoint\",\"urlTemplate\":\"https:\/\/www.marinadofunchal.pt\/islandmadeira\/?s={search_term_string}\"},\"query-input\":{\"@type\":\"PropertyValueSpecification\",\"valueRequired\":true,\"valueName\":\"search_term_string\"}}],\"inLanguage\":\"pt-PT\"},{\"@type\":\"Organization\",\"@id\":\"https:\/\/www.marinadofunchal.pt\/islandmadeira\/#organization\",\"name\":\"Marina do Funchal\",\"url\":\"https:\/\/www.marinadofunchal.pt\/islandmadeira\/\",\"logo\":{\"@type\":\"ImageObject\",\"inLanguage\":\"pt-PT\",\"@id\":\"https:\/\/www.marinadofunchal.pt\/islandmadeira\/#\/schema\/logo\/image\/\",\"url\":\"https:\/\/www.marinadofunchal.pt\/islandmadeira\/wp-content\/uploads\/2022\/05\/logo.jpeg\",\"contentUrl\":\"https:\/\/www.marinadofunchal.pt\/islandmadeira\/wp-content\/uploads\/2022\/05\/logo.jpeg\",\"width\":200,\"height\":268,\"caption\":\"Marina do Funchal\"},\"image\":{\"@id\":\"https:\/\/www.marinadofunchal.pt\/islandmadeira\/#\/schema\/logo\/image\/\"}},{\"@type\":\"Person\",\"@id\":\"https:\/\/www.marinadofunchal.pt\/islandmadeira\/#\/schema\/person\/5addc0edd56234b89f93d35f5d7db103\",\"name\":\"admin\",\"image\":{\"@type\":\"ImageObject\",\"inLanguage\":\"pt-PT\",\"@id\":\"https:\/\/www.marinadofunchal.pt\/islandmadeira\/#\/schema\/person\/image\/\",\"url\":\"https:\/\/secure.gravatar.com\/avatar\/0235e0ab9af9e3dfe5be5be676c79a41b3c10028bfd5bc04130a69960f44de39?s=96&d=mm&r=g\",\"contentUrl\":\"https:\/\/secure.gravatar.com\/avatar\/0235e0ab9af9e3dfe5be5be676c79a41b3c10028bfd5bc04130a69960f44de39?s=96&d=mm&r=g\",\"caption\":\"admin\"},\"sameAs\":[\"http:\/\/www.marinadofunchal.pt\/islandmadeira\"],\"url\":\"https:\/\/www.marinadofunchal.pt\/islandmadeira\/author\/admin\/\"}]}<\/script>\n<!-- \/ Yoast SEO plugin. -->","yoast_head_json":{"title":"Marina do Funchal reconhecida na reuni\u00e3o regional de balan\u00e7o do Programa Bandeira Azul 2025 - Marina do Funchal","robots":{"index":"index","follow":"follow","max-snippet":"max-snippet:-1","max-image-preview":"max-image-preview:large","max-video-preview":"max-video-preview:-1"},"canonical":"https:\/\/www.marinadofunchal.pt\/islandmadeira\/marina-do-funchal-reconhecida-na-reuniao-regional-de-balanco-do-programa-bandeira-azul-2025\/","og_locale":"pt_PT","og_type":"article","og_title":"Marina do Funchal reconhecida na reuni\u00e3o regional de balan\u00e7o do Programa Bandeira Azul 2025 - Marina do Funchal","og_description":"Na passada sexta-feira 28 de novembro, no Audit\u00f3rio do Edif\u00edcio do Campo da Barca, decorreu&hellip;","og_url":"https:\/\/www.marinadofunchal.pt\/islandmadeira\/marina-do-funchal-reconhecida-na-reuniao-regional-de-balanco-do-programa-bandeira-azul-2025\/","og_site_name":"Marina do Funchal","article_published_time":"2025-12-09T12:55:21+00:00","og_image":[{"width":2048,"height":1536,"url":"https:\/\/www.marinadofunchal.pt\/islandmadeira\/wp-content\/uploads\/2025\/12\/Imagem-WhatsApp-2025-12-02-as-09.51.32_d9f588f2.jpg","type":"image\/jpeg"}],"author":"admin","twitter_card":"summary_large_image","twitter_misc":{"Escrito por":"admin","Tempo estimado de leitura":"2 minutos"},"schema":{"@context":"https:\/\/schema.org","@graph":[{"@type":"Article","@id":"https:\/\/www.marinadofunchal.pt\/islandmadeira\/marina-do-funchal-reconhecida-na-reuniao-regional-de-balanco-do-programa-bandeira-azul-2025\/#article","isPartOf":{"@id":"https:\/\/www.marinadofunchal.pt\/islandmadeira\/marina-do-funchal-reconhecida-na-reuniao-regional-de-balanco-do-programa-bandeira-azul-2025\/"},"author":{"name":"admin","@id":"https:\/\/www.marinadofunchal.pt\/islandmadeira\/#\/schema\/person\/5addc0edd56234b89f93d35f5d7db103"},"headline":"Marina do Funchal reconhecida na reuni\u00e3o regional de balan\u00e7o do Programa Bandeira Azul 2025","datePublished":"2025-12-09T12:55:21+00:00","mainEntityOfPage":{"@id":"https:\/\/www.marinadofunchal.pt\/islandmadeira\/marina-do-funchal-reconhecida-na-reuniao-regional-de-balanco-do-programa-bandeira-azul-2025\/"},"wordCount":203,"commentCount":0,"publisher":{"@id":"https:\/\/www.marinadofunchal.pt\/islandmadeira\/#organization"},"image":{"@id":"https:\/\/www.marinadofunchal.pt\/islandmadeira\/marina-do-funchal-reconhecida-na-reuniao-regional-de-balanco-do-programa-bandeira-azul-2025\/#primaryimage"},"thumbnailUrl":"https:\/\/www.marinadofunchal.pt\/islandmadeira\/wp-content\/uploads\/2025\/12\/Imagem-WhatsApp-2025-12-02-as-09.51.32_d9f588f2.jpg","articleSection":["Not\u00edcias"],"inLanguage":"pt-PT","potentialAction":[{"@type":"CommentAction","name":"Comment","target":["https:\/\/www.marinadofunchal.pt\/islandmadeira\/marina-do-funchal-reconhecida-na-reuniao-regional-de-balanco-do-programa-bandeira-azul-2025\/#respond"]}]},{"@type":"WebPage","@id":"https:\/\/www.marinadofunchal.pt\/islandmadeira\/marina-do-funchal-reconhecida-na-reuniao-regional-de-balanco-do-programa-bandeira-azul-2025\/","url":"https:\/\/www.marinadofunchal.pt\/islandmadeira\/marina-do-funchal-reconhecida-na-reuniao-regional-de-balanco-do-programa-bandeira-azul-2025\/","name":"Marina do Funchal reconhecida na reuni\u00e3o regional de balan\u00e7o do Programa Bandeira Azul 2025 - Marina do Funchal","isPartOf":{"@id":"https:\/\/www.marinadofunchal.pt\/islandmadeira\/#website"},"primaryImageOfPage":{"@id":"https:\/\/www.marinadofunchal.pt\/islandmadeira\/marina-do-funchal-reconhecida-na-reuniao-regional-de-balanco-do-programa-bandeira-azul-2025\/#primaryimage"},"image":{"@id":"https:\/\/www.marinadofunchal.pt\/islandmadeira\/marina-do-funchal-reconhecida-na-reuniao-regional-de-balanco-do-programa-bandeira-azul-2025\/#primaryimage"},"thumbnailUrl":"https:\/\/www.marinadofunchal.pt\/islandmadeira\/wp-content\/uploads\/2025\/12\/Imagem-WhatsApp-2025-12-02-as-09.51.32_d9f588f2.jpg","datePublished":"2025-12-09T12:55:21+00:00","breadcrumb":{"@id":"https:\/\/www.marinadofunchal.pt\/islandmadeira\/marina-do-funchal-reconhecida-na-reuniao-regional-de-balanco-do-programa-bandeira-azul-2025\/#breadcrumb"},"inLanguage":"pt-PT","potentialAction":[{"@type":"ReadAction","target":["https:\/\/www.marinadofunchal.pt\/islandmadeira\/marina-do-funchal-reconhecida-na-reuniao-regional-de-balanco-do-programa-bandeira-azul-2025\/"]}]},{"@type":"ImageObject","inLanguage":"pt-PT","@id":"https:\/\/www.marinadofunchal.pt\/islandmadeira\/marina-do-funchal-reconhecida-na-reuniao-regional-de-balanco-do-programa-bandeira-azul-2025\/#primaryimage","url":"https:\/\/www.marinadofunchal.pt\/islandmadeira\/wp-content\/uploads\/2025\/12\/Imagem-WhatsApp-2025-12-02-as-09.51.32_d9f588f2.jpg","contentUrl":"https:\/\/www.marinadofunchal.pt\/islandmadeira\/wp-content\/uploads\/2025\/12\/Imagem-WhatsApp-2025-12-02-as-09.51.32_d9f588f2.jpg","width":2048,"height":1536},{"@type":"BreadcrumbList","@id":"https:\/\/www.marinadofunchal.pt\/islandmadeira\/marina-do-funchal-reconhecida-na-reuniao-regional-de-balanco-do-programa-bandeira-azul-2025\/#breadcrumb","itemListElement":[{"@type":"ListItem","position":1,"name":"In\u00edcio","item":"https:\/\/www.marinadofunchal.pt\/islandmadeira\/"},{"@type":"ListItem","position":2,"name":"Marina do Funchal reconhecida na reuni\u00e3o regional de balan\u00e7o do Programa Bandeira Azul 2025"}]},{"@type":"WebSite","@id":"https:\/\/www.marinadofunchal.pt\/islandmadeira\/#website","url":"https:\/\/www.marinadofunchal.pt\/islandmadeira\/","name":"Marina do Funchal","description":"Ilha da Madeira","publisher":{"@id":"https:\/\/www.marinadofunchal.pt\/islandmadeira\/#organization"},"potentialAction":[{"@type":"SearchAction","target":{"@type":"EntryPoint","urlTemplate":"https:\/\/www.marinadofunchal.pt\/islandmadeira\/?s={search_term_string}"},"query-input":{"@type":"PropertyValueSpecification","valueRequired":true,"valueName":"search_term_string"}}],"inLanguage":"pt-PT"},{"@type":"Organization","@id":"https:\/\/www.marinadofunchal.pt\/islandmadeira\/#organization","name":"Marina do Funchal","url":"https:\/\/www.marinadofunchal.pt\/islandmadeira\/","logo":{"@type":"ImageObject","inLanguage":"pt-PT","@id":"https:\/\/www.marinadofunchal.pt\/islandmadeira\/#\/schema\/logo\/image\/","url":"https:\/\/www.marinadofunchal.pt\/islandmadeira\/wp-content\/uploads\/2022\/05\/logo.jpeg","contentUrl":"https:\/\/www.marinadofunchal.pt\/islandmadeira\/wp-content\/uploads\/2022\/05\/logo.jpeg","width":200,"height":268,"caption":"Marina do Funchal"},"image":{"@id":"https:\/\/www.marinadofunchal.pt\/islandmadeira\/#\/schema\/logo\/image\/"}},{"@type":"Person","@id":"https:\/\/www.marinadofunchal.pt\/islandmadeira\/#\/schema\/person\/5addc0edd56234b89f93d35f5d7db103","name":"admin","image":{"@type":"ImageObject","inLanguage":"pt-PT","@id":"https:\/\/www.marinadofunchal.pt\/islandmadeira\/#\/schema\/person\/image\/","url":"https:\/\/secure.gravatar.com\/avatar\/0235e0ab9af9e3dfe5be5be676c79a41b3c10028bfd5bc04130a69960f44de39?s=96&d=mm&r=g","contentUrl":"https:\/\/secure.gravatar.com\/avatar\/0235e0ab9af9e3dfe5be5be676c79a41b3c10028bfd5bc04130a69960f44de39?s=96&d=mm&r=g","caption":"admin"},"sameAs":["http:\/\/www.marinadofunchal.pt\/islandmadeira"],"url":"https:\/\/www.marinadofunchal.pt\/islandmadeira\/author\/admin\/"}]}},"_links":{"self":[{"href":"https:\/\/www.marinadofunchal.pt\/islandmadeira\/wp-json\/wp\/v2\/posts\/24363","targetHints":{"allow":["GET"]}}],"collection":[{"href":"https:\/\/www.marinadofunchal.pt\/islandmadeira\/wp-json\/wp\/v2\/posts"}],"about":[{"href":"https:\/\/www.marinadofunchal.pt\/islandmadeira\/wp-json\/wp\/v2\/types\/post"}],"author":[{"embeddable":true,"href":"https:\/\/www.marinadofunchal.pt\/islandmadeira\/wp-json\/wp\/v2\/users\/1"}],"replies":[{"embeddable":true,"href":"https:\/\/www.marinadofunchal.pt\/islandmadeira\/wp-json\/wp\/v2\/comments?post=24363"}],"version-history":[{"count":2,"href":"https:\/\/www.marinadofunchal.pt\/islandmadeira\/wp-json\/wp\/v2\/posts\/24363\/revisions"}],"predecessor-version":[{"id":24368,"href":"https:\/\/www.marinadofunchal.pt\/islandmadeira\/wp-json\/wp\/v2\/posts\/24363\/revisions\/24368"}],"wp:featuredmedia":[{"embeddable":true,"href":"https:\/\/www.marinadofunchal.pt\/islandmadeira\/wp-json\/wp\/v2\/media\/24367"}],"wp:attachment":[{"href":"https:\/\/www.marinadofunchal.pt\/islandmadeira\/wp-json\/wp\/v2\/media?parent=24363"}],"wp:term":[{"taxonomy":"category","embeddable":true,"href":"https:\/\/www.marinadofunchal.pt\/islandmadeira\/wp-json\/wp\/v2\/categories?post=24363"},{"taxonomy":"post_tag","embeddable":true,"href":"https:\/\/www.marinadofunchal.pt\/islandmadeira\/wp-json\/wp\/v2\/tags?post=24363"}],"curies":[{"name":"wp","href":"https:\/\/api.w.org\/{rel}","templated":true}]}}