{"id":23112,"date":"2025-02-28T19:53:01","date_gmt":"2025-02-28T18:53:01","guid":{"rendered":"https:\/\/www.marinadofunchal.pt\/islandmadeira\/?p=23112"},"modified":"2025-02-28T19:55:28","modified_gmt":"2025-02-28T18:55:28","slug":"marina-do-funchal-com-novo-posto-de-abastecimento-moderno-e-sustentavel","status":"publish","type":"post","link":"https:\/\/www.marinadofunchal.pt\/islandmadeira\/marina-do-funchal-com-novo-posto-de-abastecimento-moderno-e-sustentavel\/","title":{"rendered":"Marina do Funchal com novo posto de abastecimento moderno e sustent\u00e1vel"},"content":{"rendered":"<p>A Marina do Funchal tem agora um novo posto de abastecimento, equipado com tecnologia de ponta para melhor servir os seus utentes.<\/p>\n<p>As novas bombas de combust\u00edvel garantem um abastecimento mais r\u00e1pido, eficiente e preciso, com medidores de alta tecnologia e uma interface digital intuitiva.<\/p>\n<p>Em parceria com a Repsol, este posto passa a disponibilizar gas\u00f3leo marcado na origem, tornando o processo mais simples e sustent\u00e1vel.<\/p>\n<p>Entre as novidades, destacam-se os novos combust\u00edveis: Repsol Mar Sport 95 e Repsol Mar Diesel e+, especialmente desenvolvidos para embarca\u00e7\u00f5es de recreio. Estes combust\u00edveis ajudam a otimizar o consumo e o desempenho do motor, protegendo ainda os circuitos de alimenta\u00e7\u00e3o contra a corros\u00e3o provocada pela \u00e1gua do mar.<\/p>\n<p>Al\u00e9m da moderniza\u00e7\u00e3o do abastecimento, a infraestrutura foi melhorada, garantindo melhores acessos pontos de amarra\u00e7\u00e3o, proporcionando maior seguran\u00e7a e comodidade aos navegantes.<\/p>\n<p>A Associa\u00e7\u00e3o MarinaFunchal reconhece a colabora\u00e7\u00e3o e o apoio fundamental da Administra\u00e7\u00e3o dos Portos da Madeira (APRAM) e da Repsol para a concretiza\u00e7\u00e3o deste projeto, que faz do Funchal o local com o posto de abastecimento mar\u00edtimo mais recente do pa\u00eds.<\/p>\n<p>A par desta infraestrutura de melhoria, a marina encontra-se envolvida e comprometida com a prioridade da sustentabilidade atrav\u00e9s de diversas parcerias, de \u00e2mbito nacional e extra territorial e procura manter-se na vanguarda da ado\u00e7\u00e3o de medidas que contribuam para um mundo mais verde e sustent\u00e1vel, promovendo iniciativas de melhoria da qualidade geral e da qualidade ambiental.<\/p>\n<p>O novo posto funciona todos os dias, das 08h00 \u00e0s 20h00, para os combust\u00edveis Repsol Mar Sport 95 e Repsol Mar Diesel e+. O gas\u00f3leo marcado (MarPro) est\u00e1 dispon\u00edvel nos dias \u00fateis, das 09h00 \u00e0s 12h30 e das 14h30 \u00e0s 19h00, com marca\u00e7\u00e3o pr\u00e9via m\u00ednima de 24 horas.<\/p>\n<p>Com este investimento, a Associa\u00e7\u00e3o MarinaFunchal refor\u00e7a o seu compromisso com a moderniza\u00e7\u00e3o e o apoio \u00e0 comunidade n\u00e1utica, garantindo um servi\u00e7o de excel\u00eancia aos seus utentes.<\/p>\n<div id='gallery-1' class='gallery galleryid-23112 gallery-columns-6 gallery-size-trx_addons-thumb-avatar'><figure class='gallery-item'>\n\t\t\t<div class='gallery-icon portrait'>\n\t\t\t\t<a href='https:\/\/www.marinadofunchal.pt\/islandmadeira\/wp-content\/uploads\/2025\/02\/IMG_2738.jpg'><img loading=\"lazy\" decoding=\"async\" width=\"370\" height=\"370\" src=\"https:\/\/www.marinadofunchal.pt\/islandmadeira\/wp-content\/uploads\/2025\/02\/IMG_2738-370x370.jpg\" class=\"attachment-trx_addons-thumb-avatar size-trx_addons-thumb-avatar\" alt=\"\" srcset=\"https:\/\/www.marinadofunchal.pt\/islandmadeira\/wp-content\/uploads\/2025\/02\/IMG_2738-370x370.jpg 370w, https:\/\/www.marinadofunchal.pt\/islandmadeira\/wp-content\/uploads\/2025\/02\/IMG_2738-150x150.jpg 150w, https:\/\/www.marinadofunchal.pt\/islandmadeira\/wp-content\/uploads\/2025\/02\/IMG_2738-120x120.jpg 120w\" sizes=\"auto, (max-width: 600px) 100vw, 370px\" \/><\/a>\n\t\t\t<\/div><\/figure><figure class='gallery-item'>\n\t\t\t<div class='gallery-icon landscape'>\n\t\t\t\t<a href='https:\/\/www.marinadofunchal.pt\/islandmadeira\/wp-content\/uploads\/2025\/02\/IMG_2739.jpg'><img loading=\"lazy\" decoding=\"async\" width=\"370\" height=\"370\" src=\"https:\/\/www.marinadofunchal.pt\/islandmadeira\/wp-content\/uploads\/2025\/02\/IMG_2739-370x370.jpg\" class=\"attachment-trx_addons-thumb-avatar size-trx_addons-thumb-avatar\" alt=\"\" srcset=\"https:\/\/www.marinadofunchal.pt\/islandmadeira\/wp-content\/uploads\/2025\/02\/IMG_2739-370x370.jpg 370w, https:\/\/www.marinadofunchal.pt\/islandmadeira\/wp-content\/uploads\/2025\/02\/IMG_2739-150x150.jpg 150w, https:\/\/www.marinadofunchal.pt\/islandmadeira\/wp-content\/uploads\/2025\/02\/IMG_2739-120x120.jpg 120w\" sizes=\"auto, (max-width: 600px) 100vw, 370px\" \/><\/a>\n\t\t\t<\/div><\/figure><figure class='gallery-item'>\n\t\t\t<div class='gallery-icon portrait'>\n\t\t\t\t<a href='https:\/\/www.marinadofunchal.pt\/islandmadeira\/wp-content\/uploads\/2025\/02\/IMG_2742.jpg'><img loading=\"lazy\" decoding=\"async\" width=\"370\" height=\"370\" src=\"https:\/\/www.marinadofunchal.pt\/islandmadeira\/wp-content\/uploads\/2025\/02\/IMG_2742-370x370.jpg\" class=\"attachment-trx_addons-thumb-avatar size-trx_addons-thumb-avatar\" alt=\"\" srcset=\"https:\/\/www.marinadofunchal.pt\/islandmadeira\/wp-content\/uploads\/2025\/02\/IMG_2742-370x370.jpg 370w, https:\/\/www.marinadofunchal.pt\/islandmadeira\/wp-content\/uploads\/2025\/02\/IMG_2742-150x150.jpg 150w, https:\/\/www.marinadofunchal.pt\/islandmadeira\/wp-content\/uploads\/2025\/02\/IMG_2742-120x120.jpg 120w\" sizes=\"auto, (max-width: 600px) 100vw, 370px\" \/><\/a>\n\t\t\t<\/div><\/figure><figure class='gallery-item'>\n\t\t\t<div class='gallery-icon portrait'>\n\t\t\t\t<a href='https:\/\/www.marinadofunchal.pt\/islandmadeira\/wp-content\/uploads\/2025\/02\/IMG_2755.jpg'><img loading=\"lazy\" decoding=\"async\" width=\"370\" height=\"370\" src=\"https:\/\/www.marinadofunchal.pt\/islandmadeira\/wp-content\/uploads\/2025\/02\/IMG_2755-370x370.jpg\" class=\"attachment-trx_addons-thumb-avatar size-trx_addons-thumb-avatar\" alt=\"\" srcset=\"https:\/\/www.marinadofunchal.pt\/islandmadeira\/wp-content\/uploads\/2025\/02\/IMG_2755-370x370.jpg 370w, https:\/\/www.marinadofunchal.pt\/islandmadeira\/wp-content\/uploads\/2025\/02\/IMG_2755-150x150.jpg 150w, https:\/\/www.marinadofunchal.pt\/islandmadeira\/wp-content\/uploads\/2025\/02\/IMG_2755-120x120.jpg 120w\" sizes=\"auto, (max-width: 600px) 100vw, 370px\" \/><\/a>\n\t\t\t<\/div><\/figure><figure class='gallery-item'>\n\t\t\t<div class='gallery-icon portrait'>\n\t\t\t\t<a href='https:\/\/www.marinadofunchal.pt\/islandmadeira\/wp-content\/uploads\/2025\/02\/IMG_2758.jpg'><img loading=\"lazy\" decoding=\"async\" width=\"370\" height=\"370\" src=\"https:\/\/www.marinadofunchal.pt\/islandmadeira\/wp-content\/uploads\/2025\/02\/IMG_2758-370x370.jpg\" class=\"attachment-trx_addons-thumb-avatar size-trx_addons-thumb-avatar\" alt=\"\" srcset=\"https:\/\/www.marinadofunchal.pt\/islandmadeira\/wp-content\/uploads\/2025\/02\/IMG_2758-370x370.jpg 370w, https:\/\/www.marinadofunchal.pt\/islandmadeira\/wp-content\/uploads\/2025\/02\/IMG_2758-150x150.jpg 150w, https:\/\/www.marinadofunchal.pt\/islandmadeira\/wp-content\/uploads\/2025\/02\/IMG_2758-120x120.jpg 120w\" sizes=\"auto, (max-width: 600px) 100vw, 370px\" \/><\/a>\n\t\t\t<\/div><\/figure><figure class='gallery-item'>\n\t\t\t<div class='gallery-icon landscape'>\n\t\t\t\t<a href='https:\/\/www.marinadofunchal.pt\/islandmadeira\/wp-content\/uploads\/2025\/02\/IMG_2761.jpg'><img loading=\"lazy\" decoding=\"async\" width=\"370\" height=\"370\" src=\"https:\/\/www.marinadofunchal.pt\/islandmadeira\/wp-content\/uploads\/2025\/02\/IMG_2761-370x370.jpg\" class=\"attachment-trx_addons-thumb-avatar size-trx_addons-thumb-avatar\" alt=\"\" srcset=\"https:\/\/www.marinadofunchal.pt\/islandmadeira\/wp-content\/uploads\/2025\/02\/IMG_2761-370x370.jpg 370w, https:\/\/www.marinadofunchal.pt\/islandmadeira\/wp-content\/uploads\/2025\/02\/IMG_2761-150x150.jpg 150w, https:\/\/www.marinadofunchal.pt\/islandmadeira\/wp-content\/uploads\/2025\/02\/IMG_2761-120x120.jpg 120w\" sizes=\"auto, (max-width: 600px) 100vw, 370px\" \/><\/a>\n\t\t\t<\/div><\/figure><figure class='gallery-item'>\n\t\t\t<div class='gallery-icon landscape'>\n\t\t\t\t<a href='https:\/\/www.marinadofunchal.pt\/islandmadeira\/wp-content\/uploads\/2025\/02\/IMG_2763.jpg'><img loading=\"lazy\" decoding=\"async\" width=\"370\" height=\"370\" src=\"https:\/\/www.marinadofunchal.pt\/islandmadeira\/wp-content\/uploads\/2025\/02\/IMG_2763-370x370.jpg\" class=\"attachment-trx_addons-thumb-avatar size-trx_addons-thumb-avatar\" alt=\"\" srcset=\"https:\/\/www.marinadofunchal.pt\/islandmadeira\/wp-content\/uploads\/2025\/02\/IMG_2763-370x370.jpg 370w, https:\/\/www.marinadofunchal.pt\/islandmadeira\/wp-content\/uploads\/2025\/02\/IMG_2763-150x150.jpg 150w, https:\/\/www.marinadofunchal.pt\/islandmadeira\/wp-content\/uploads\/2025\/02\/IMG_2763-120x120.jpg 120w\" sizes=\"auto, (max-width: 600px) 100vw, 370px\" \/><\/a>\n\t\t\t<\/div><\/figure><figure class='gallery-item'>\n\t\t\t<div class='gallery-icon portrait'>\n\t\t\t\t<a href='https:\/\/www.marinadofunchal.pt\/islandmadeira\/wp-content\/uploads\/2025\/02\/IMG_2766.jpg'><img loading=\"lazy\" decoding=\"async\" width=\"370\" height=\"370\" src=\"https:\/\/www.marinadofunchal.pt\/islandmadeira\/wp-content\/uploads\/2025\/02\/IMG_2766-370x370.jpg\" class=\"attachment-trx_addons-thumb-avatar size-trx_addons-thumb-avatar\" alt=\"\" srcset=\"https:\/\/www.marinadofunchal.pt\/islandmadeira\/wp-content\/uploads\/2025\/02\/IMG_2766-370x370.jpg 370w, https:\/\/www.marinadofunchal.pt\/islandmadeira\/wp-content\/uploads\/2025\/02\/IMG_2766-150x150.jpg 150w, https:\/\/www.marinadofunchal.pt\/islandmadeira\/wp-content\/uploads\/2025\/02\/IMG_2766-120x120.jpg 120w\" sizes=\"auto, (max-width: 600px) 100vw, 370px\" \/><\/a>\n\t\t\t<\/div><\/figure><figure class='gallery-item'>\n\t\t\t<div class='gallery-icon landscape'>\n\t\t\t\t<a href='https:\/\/www.marinadofunchal.pt\/islandmadeira\/wp-content\/uploads\/2025\/02\/IMG_2768.jpg'><img loading=\"lazy\" decoding=\"async\" width=\"370\" height=\"370\" src=\"https:\/\/www.marinadofunchal.pt\/islandmadeira\/wp-content\/uploads\/2025\/02\/IMG_2768-370x370.jpg\" class=\"attachment-trx_addons-thumb-avatar size-trx_addons-thumb-avatar\" alt=\"\" srcset=\"https:\/\/www.marinadofunchal.pt\/islandmadeira\/wp-content\/uploads\/2025\/02\/IMG_2768-370x370.jpg 370w, https:\/\/www.marinadofunchal.pt\/islandmadeira\/wp-content\/uploads\/2025\/02\/IMG_2768-150x150.jpg 150w, https:\/\/www.marinadofunchal.pt\/islandmadeira\/wp-content\/uploads\/2025\/02\/IMG_2768-120x120.jpg 120w\" sizes=\"auto, (max-width: 600px) 100vw, 370px\" \/><\/a>\n\t\t\t<\/div><\/figure><figure class='gallery-item'>\n\t\t\t<div class='gallery-icon landscape'>\n\t\t\t\t<a href='https:\/\/www.marinadofunchal.pt\/islandmadeira\/wp-content\/uploads\/2025\/02\/IMG_2771.jpg'><img loading=\"lazy\" decoding=\"async\" width=\"370\" height=\"370\" src=\"https:\/\/www.marinadofunchal.pt\/islandmadeira\/wp-content\/uploads\/2025\/02\/IMG_2771-370x370.jpg\" class=\"attachment-trx_addons-thumb-avatar size-trx_addons-thumb-avatar\" alt=\"\" srcset=\"https:\/\/www.marinadofunchal.pt\/islandmadeira\/wp-content\/uploads\/2025\/02\/IMG_2771-370x370.jpg 370w, https:\/\/www.marinadofunchal.pt\/islandmadeira\/wp-content\/uploads\/2025\/02\/IMG_2771-150x150.jpg 150w, https:\/\/www.marinadofunchal.pt\/islandmadeira\/wp-content\/uploads\/2025\/02\/IMG_2771-120x120.jpg 120w\" sizes=\"auto, (max-width: 600px) 100vw, 370px\" \/><\/a>\n\t\t\t<\/div><\/figure><figure class='gallery-item'>\n\t\t\t<div class='gallery-icon portrait'>\n\t\t\t\t<a href='https:\/\/www.marinadofunchal.pt\/islandmadeira\/wp-content\/uploads\/2025\/02\/IMG_2773.jpg'><img loading=\"lazy\" decoding=\"async\" width=\"370\" height=\"370\" src=\"https:\/\/www.marinadofunchal.pt\/islandmadeira\/wp-content\/uploads\/2025\/02\/IMG_2773-370x370.jpg\" class=\"attachment-trx_addons-thumb-avatar size-trx_addons-thumb-avatar\" alt=\"\" srcset=\"https:\/\/www.marinadofunchal.pt\/islandmadeira\/wp-content\/uploads\/2025\/02\/IMG_2773-370x370.jpg 370w, https:\/\/www.marinadofunchal.pt\/islandmadeira\/wp-content\/uploads\/2025\/02\/IMG_2773-150x150.jpg 150w, https:\/\/www.marinadofunchal.pt\/islandmadeira\/wp-content\/uploads\/2025\/02\/IMG_2773-120x120.jpg 120w\" sizes=\"auto, (max-width: 600px) 100vw, 370px\" \/><\/a>\n\t\t\t<\/div><\/figure><figure class='gallery-item'>\n\t\t\t<div class='gallery-icon landscape'>\n\t\t\t\t<a href='https:\/\/www.marinadofunchal.pt\/islandmadeira\/wp-content\/uploads\/2025\/02\/IMG_2778.jpg'><img loading=\"lazy\" decoding=\"async\" width=\"370\" height=\"370\" src=\"https:\/\/www.marinadofunchal.pt\/islandmadeira\/wp-content\/uploads\/2025\/02\/IMG_2778-370x370.jpg\" class=\"attachment-trx_addons-thumb-avatar size-trx_addons-thumb-avatar\" alt=\"\" srcset=\"https:\/\/www.marinadofunchal.pt\/islandmadeira\/wp-content\/uploads\/2025\/02\/IMG_2778-370x370.jpg 370w, https:\/\/www.marinadofunchal.pt\/islandmadeira\/wp-content\/uploads\/2025\/02\/IMG_2778-150x150.jpg 150w, https:\/\/www.marinadofunchal.pt\/islandmadeira\/wp-content\/uploads\/2025\/02\/IMG_2778-120x120.jpg 120w\" sizes=\"auto, (max-width: 600px) 100vw, 370px\" \/><\/a>\n\t\t\t<\/div><\/figure><figure class='gallery-item'>\n\t\t\t<div class='gallery-icon landscape'>\n\t\t\t\t<a href='https:\/\/www.marinadofunchal.pt\/islandmadeira\/wp-content\/uploads\/2025\/02\/IMG_2779.jpg'><img loading=\"lazy\" decoding=\"async\" width=\"370\" height=\"370\" src=\"https:\/\/www.marinadofunchal.pt\/islandmadeira\/wp-content\/uploads\/2025\/02\/IMG_2779-370x370.jpg\" class=\"attachment-trx_addons-thumb-avatar size-trx_addons-thumb-avatar\" alt=\"\" srcset=\"https:\/\/www.marinadofunchal.pt\/islandmadeira\/wp-content\/uploads\/2025\/02\/IMG_2779-370x370.jpg 370w, https:\/\/www.marinadofunchal.pt\/islandmadeira\/wp-content\/uploads\/2025\/02\/IMG_2779-150x150.jpg 150w, https:\/\/www.marinadofunchal.pt\/islandmadeira\/wp-content\/uploads\/2025\/02\/IMG_2779-120x120.jpg 120w\" sizes=\"auto, (max-width: 600px) 100vw, 370px\" \/><\/a>\n\t\t\t<\/div><\/figure><figure class='gallery-item'>\n\t\t\t<div class='gallery-icon landscape'>\n\t\t\t\t<a href='https:\/\/www.marinadofunchal.pt\/islandmadeira\/wp-content\/uploads\/2025\/02\/IMG_2781.jpg'><img loading=\"lazy\" decoding=\"async\" width=\"370\" height=\"370\" src=\"https:\/\/www.marinadofunchal.pt\/islandmadeira\/wp-content\/uploads\/2025\/02\/IMG_2781-370x370.jpg\" class=\"attachment-trx_addons-thumb-avatar size-trx_addons-thumb-avatar\" alt=\"\" srcset=\"https:\/\/www.marinadofunchal.pt\/islandmadeira\/wp-content\/uploads\/2025\/02\/IMG_2781-370x370.jpg 370w, https:\/\/www.marinadofunchal.pt\/islandmadeira\/wp-content\/uploads\/2025\/02\/IMG_2781-150x150.jpg 150w, https:\/\/www.marinadofunchal.pt\/islandmadeira\/wp-content\/uploads\/2025\/02\/IMG_2781-120x120.jpg 120w\" sizes=\"auto, (max-width: 600px) 100vw, 370px\" \/><\/a>\n\t\t\t<\/div><\/figure><figure class='gallery-item'>\n\t\t\t<div class='gallery-icon landscape'>\n\t\t\t\t<a href='https:\/\/www.marinadofunchal.pt\/islandmadeira\/wp-content\/uploads\/2025\/02\/IMG_2783.jpg'><img loading=\"lazy\" decoding=\"async\" width=\"370\" height=\"370\" src=\"https:\/\/www.marinadofunchal.pt\/islandmadeira\/wp-content\/uploads\/2025\/02\/IMG_2783-370x370.jpg\" class=\"attachment-trx_addons-thumb-avatar size-trx_addons-thumb-avatar\" alt=\"\" srcset=\"https:\/\/www.marinadofunchal.pt\/islandmadeira\/wp-content\/uploads\/2025\/02\/IMG_2783-370x370.jpg 370w, https:\/\/www.marinadofunchal.pt\/islandmadeira\/wp-content\/uploads\/2025\/02\/IMG_2783-150x150.jpg 150w, https:\/\/www.marinadofunchal.pt\/islandmadeira\/wp-content\/uploads\/2025\/02\/IMG_2783-120x120.jpg 120w\" sizes=\"auto, (max-width: 600px) 100vw, 370px\" \/><\/a>\n\t\t\t<\/div><\/figure><figure class='gallery-item'>\n\t\t\t<div class='gallery-icon portrait'>\n\t\t\t\t<a href='https:\/\/www.marinadofunchal.pt\/islandmadeira\/wp-content\/uploads\/2025\/02\/IMG_2785.jpg'><img loading=\"lazy\" decoding=\"async\" width=\"370\" height=\"370\" src=\"https:\/\/www.marinadofunchal.pt\/islandmadeira\/wp-content\/uploads\/2025\/02\/IMG_2785-370x370.jpg\" class=\"attachment-trx_addons-thumb-avatar size-trx_addons-thumb-avatar\" alt=\"\" srcset=\"https:\/\/www.marinadofunchal.pt\/islandmadeira\/wp-content\/uploads\/2025\/02\/IMG_2785-370x370.jpg 370w, https:\/\/www.marinadofunchal.pt\/islandmadeira\/wp-content\/uploads\/2025\/02\/IMG_2785-150x150.jpg 150w, https:\/\/www.marinadofunchal.pt\/islandmadeira\/wp-content\/uploads\/2025\/02\/IMG_2785-120x120.jpg 120w\" sizes=\"auto, (max-width: 600px) 100vw, 370px\" \/><\/a>\n\t\t\t<\/div><\/figure><figure class='gallery-item'>\n\t\t\t<div class='gallery-icon portrait'>\n\t\t\t\t<a href='https:\/\/www.marinadofunchal.pt\/islandmadeira\/wp-content\/uploads\/2025\/02\/IMG_2788.jpg'><img loading=\"lazy\" decoding=\"async\" width=\"370\" height=\"370\" src=\"https:\/\/www.marinadofunchal.pt\/islandmadeira\/wp-content\/uploads\/2025\/02\/IMG_2788-370x370.jpg\" class=\"attachment-trx_addons-thumb-avatar size-trx_addons-thumb-avatar\" alt=\"\" srcset=\"https:\/\/www.marinadofunchal.pt\/islandmadeira\/wp-content\/uploads\/2025\/02\/IMG_2788-370x370.jpg 370w, https:\/\/www.marinadofunchal.pt\/islandmadeira\/wp-content\/uploads\/2025\/02\/IMG_2788-150x150.jpg 150w, https:\/\/www.marinadofunchal.pt\/islandmadeira\/wp-content\/uploads\/2025\/02\/IMG_2788-120x120.jpg 120w\" sizes=\"auto, (max-width: 600px) 100vw, 370px\" \/><\/a>\n\t\t\t<\/div><\/figure><figure class='gallery-item'>\n\t\t\t<div class='gallery-icon landscape'>\n\t\t\t\t<a href='https:\/\/www.marinadofunchal.pt\/islandmadeira\/wp-content\/uploads\/2025\/02\/IMG_2790.jpg'><img loading=\"lazy\" decoding=\"async\" width=\"370\" height=\"370\" src=\"https:\/\/www.marinadofunchal.pt\/islandmadeira\/wp-content\/uploads\/2025\/02\/IMG_2790-370x370.jpg\" class=\"attachment-trx_addons-thumb-avatar size-trx_addons-thumb-avatar\" alt=\"\" srcset=\"https:\/\/www.marinadofunchal.pt\/islandmadeira\/wp-content\/uploads\/2025\/02\/IMG_2790-370x370.jpg 370w, https:\/\/www.marinadofunchal.pt\/islandmadeira\/wp-content\/uploads\/2025\/02\/IMG_2790-150x150.jpg 150w, https:\/\/www.marinadofunchal.pt\/islandmadeira\/wp-content\/uploads\/2025\/02\/IMG_2790-120x120.jpg 120w\" sizes=\"auto, (max-width: 600px) 100vw, 370px\" \/><\/a>\n\t\t\t<\/div><\/figure><figure class='gallery-item'>\n\t\t\t<div class='gallery-icon landscape'>\n\t\t\t\t<a href='https:\/\/www.marinadofunchal.pt\/islandmadeira\/wp-content\/uploads\/2025\/02\/IMG_2791.jpg'><img loading=\"lazy\" decoding=\"async\" width=\"370\" height=\"370\" src=\"https:\/\/www.marinadofunchal.pt\/islandmadeira\/wp-content\/uploads\/2025\/02\/IMG_2791-370x370.jpg\" class=\"attachment-trx_addons-thumb-avatar size-trx_addons-thumb-avatar\" alt=\"\" srcset=\"https:\/\/www.marinadofunchal.pt\/islandmadeira\/wp-content\/uploads\/2025\/02\/IMG_2791-370x370.jpg 370w, https:\/\/www.marinadofunchal.pt\/islandmadeira\/wp-content\/uploads\/2025\/02\/IMG_2791-150x150.jpg 150w, https:\/\/www.marinadofunchal.pt\/islandmadeira\/wp-content\/uploads\/2025\/02\/IMG_2791-120x120.jpg 120w\" sizes=\"auto, (max-width: 600px) 100vw, 370px\" \/><\/a>\n\t\t\t<\/div><\/figure><figure class='gallery-item'>\n\t\t\t<div class='gallery-icon landscape'>\n\t\t\t\t<a href='https:\/\/www.marinadofunchal.pt\/islandmadeira\/wp-content\/uploads\/2025\/02\/IMG_2793.jpg'><img loading=\"lazy\" decoding=\"async\" width=\"370\" height=\"370\" src=\"https:\/\/www.marinadofunchal.pt\/islandmadeira\/wp-content\/uploads\/2025\/02\/IMG_2793-370x370.jpg\" class=\"attachment-trx_addons-thumb-avatar size-trx_addons-thumb-avatar\" alt=\"\" srcset=\"https:\/\/www.marinadofunchal.pt\/islandmadeira\/wp-content\/uploads\/2025\/02\/IMG_2793-370x370.jpg 370w, https:\/\/www.marinadofunchal.pt\/islandmadeira\/wp-content\/uploads\/2025\/02\/IMG_2793-150x150.jpg 150w, https:\/\/www.marinadofunchal.pt\/islandmadeira\/wp-content\/uploads\/2025\/02\/IMG_2793-120x120.jpg 120w\" sizes=\"auto, (max-width: 600px) 100vw, 370px\" \/><\/a>\n\t\t\t<\/div><\/figure><figure class='gallery-item'>\n\t\t\t<div class='gallery-icon portrait'>\n\t\t\t\t<a href='https:\/\/www.marinadofunchal.pt\/islandmadeira\/wp-content\/uploads\/2025\/02\/IMG_2795.jpg'><img loading=\"lazy\" decoding=\"async\" width=\"370\" height=\"370\" src=\"https:\/\/www.marinadofunchal.pt\/islandmadeira\/wp-content\/uploads\/2025\/02\/IMG_2795-370x370.jpg\" class=\"attachment-trx_addons-thumb-avatar size-trx_addons-thumb-avatar\" alt=\"\" srcset=\"https:\/\/www.marinadofunchal.pt\/islandmadeira\/wp-content\/uploads\/2025\/02\/IMG_2795-370x370.jpg 370w, https:\/\/www.marinadofunchal.pt\/islandmadeira\/wp-content\/uploads\/2025\/02\/IMG_2795-150x150.jpg 150w, https:\/\/www.marinadofunchal.pt\/islandmadeira\/wp-content\/uploads\/2025\/02\/IMG_2795-120x120.jpg 120w\" sizes=\"auto, (max-width: 600px) 100vw, 370px\" \/><\/a>\n\t\t\t<\/div><\/figure><figure class='gallery-item'>\n\t\t\t<div class='gallery-icon landscape'>\n\t\t\t\t<a href='https:\/\/www.marinadofunchal.pt\/islandmadeira\/wp-content\/uploads\/2025\/02\/IMG_2798.jpg'><img loading=\"lazy\" decoding=\"async\" width=\"370\" height=\"370\" src=\"https:\/\/www.marinadofunchal.pt\/islandmadeira\/wp-content\/uploads\/2025\/02\/IMG_2798-370x370.jpg\" class=\"attachment-trx_addons-thumb-avatar size-trx_addons-thumb-avatar\" alt=\"\" srcset=\"https:\/\/www.marinadofunchal.pt\/islandmadeira\/wp-content\/uploads\/2025\/02\/IMG_2798-370x370.jpg 370w, https:\/\/www.marinadofunchal.pt\/islandmadeira\/wp-content\/uploads\/2025\/02\/IMG_2798-150x150.jpg 150w, https:\/\/www.marinadofunchal.pt\/islandmadeira\/wp-content\/uploads\/2025\/02\/IMG_2798-120x120.jpg 120w\" sizes=\"auto, (max-width: 600px) 100vw, 370px\" \/><\/a>\n\t\t\t<\/div><\/figure><figure class='gallery-item'>\n\t\t\t<div class='gallery-icon portrait'>\n\t\t\t\t<a href='https:\/\/www.marinadofunchal.pt\/islandmadeira\/wp-content\/uploads\/2025\/02\/IMG_2799.jpg'><img loading=\"lazy\" decoding=\"async\" width=\"370\" height=\"370\" src=\"https:\/\/www.marinadofunchal.pt\/islandmadeira\/wp-content\/uploads\/2025\/02\/IMG_2799-370x370.jpg\" class=\"attachment-trx_addons-thumb-avatar size-trx_addons-thumb-avatar\" alt=\"\" srcset=\"https:\/\/www.marinadofunchal.pt\/islandmadeira\/wp-content\/uploads\/2025\/02\/IMG_2799-370x370.jpg 370w, https:\/\/www.marinadofunchal.pt\/islandmadeira\/wp-content\/uploads\/2025\/02\/IMG_2799-150x150.jpg 150w, https:\/\/www.marinadofunchal.pt\/islandmadeira\/wp-content\/uploads\/2025\/02\/IMG_2799-120x120.jpg 120w\" sizes=\"auto, (max-width: 600px) 100vw, 370px\" \/><\/a>\n\t\t\t<\/div><\/figure><figure class='gallery-item'>\n\t\t\t<div class='gallery-icon portrait'>\n\t\t\t\t<a href='https:\/\/www.marinadofunchal.pt\/islandmadeira\/wp-content\/uploads\/2025\/02\/IMG_2801.jpg'><img loading=\"lazy\" decoding=\"async\" width=\"370\" height=\"370\" src=\"https:\/\/www.marinadofunchal.pt\/islandmadeira\/wp-content\/uploads\/2025\/02\/IMG_2801-370x370.jpg\" class=\"attachment-trx_addons-thumb-avatar size-trx_addons-thumb-avatar\" alt=\"\" srcset=\"https:\/\/www.marinadofunchal.pt\/islandmadeira\/wp-content\/uploads\/2025\/02\/IMG_2801-370x370.jpg 370w, https:\/\/www.marinadofunchal.pt\/islandmadeira\/wp-content\/uploads\/2025\/02\/IMG_2801-150x150.jpg 150w, https:\/\/www.marinadofunchal.pt\/islandmadeira\/wp-content\/uploads\/2025\/02\/IMG_2801-120x120.jpg 120w\" sizes=\"auto, (max-width: 600px) 100vw, 370px\" \/><\/a>\n\t\t\t<\/div><\/figure><figure class='gallery-item'>\n\t\t\t<div class='gallery-icon landscape'>\n\t\t\t\t<a href='https:\/\/www.marinadofunchal.pt\/islandmadeira\/wp-content\/uploads\/2025\/02\/IMG_2803.jpg'><img loading=\"lazy\" decoding=\"async\" width=\"370\" height=\"370\" src=\"https:\/\/www.marinadofunchal.pt\/islandmadeira\/wp-content\/uploads\/2025\/02\/IMG_2803-370x370.jpg\" class=\"attachment-trx_addons-thumb-avatar size-trx_addons-thumb-avatar\" alt=\"\" srcset=\"https:\/\/www.marinadofunchal.pt\/islandmadeira\/wp-content\/uploads\/2025\/02\/IMG_2803-370x370.jpg 370w, https:\/\/www.marinadofunchal.pt\/islandmadeira\/wp-content\/uploads\/2025\/02\/IMG_2803-150x150.jpg 150w, https:\/\/www.marinadofunchal.pt\/islandmadeira\/wp-content\/uploads\/2025\/02\/IMG_2803-120x120.jpg 120w\" sizes=\"auto, (max-width: 600px) 100vw, 370px\" \/><\/a>\n\t\t\t<\/div><\/figure><figure class='gallery-item'>\n\t\t\t<div class='gallery-icon portrait'>\n\t\t\t\t<a href='https:\/\/www.marinadofunchal.pt\/islandmadeira\/wp-content\/uploads\/2025\/02\/IMG_2807.jpg'><img loading=\"lazy\" decoding=\"async\" width=\"370\" height=\"370\" src=\"https:\/\/www.marinadofunchal.pt\/islandmadeira\/wp-content\/uploads\/2025\/02\/IMG_2807-370x370.jpg\" class=\"attachment-trx_addons-thumb-avatar size-trx_addons-thumb-avatar\" alt=\"\" srcset=\"https:\/\/www.marinadofunchal.pt\/islandmadeira\/wp-content\/uploads\/2025\/02\/IMG_2807-370x370.jpg 370w, https:\/\/www.marinadofunchal.pt\/islandmadeira\/wp-content\/uploads\/2025\/02\/IMG_2807-150x150.jpg 150w, https:\/\/www.marinadofunchal.pt\/islandmadeira\/wp-content\/uploads\/2025\/02\/IMG_2807-120x120.jpg 120w\" sizes=\"auto, (max-width: 600px) 100vw, 370px\" \/><\/a>\n\t\t\t<\/div><\/figure><figure class='gallery-item'>\n\t\t\t<div class='gallery-icon landscape'>\n\t\t\t\t<a href='https:\/\/www.marinadofunchal.pt\/islandmadeira\/wp-content\/uploads\/2025\/02\/IMG_2809.jpg'><img loading=\"lazy\" decoding=\"async\" width=\"370\" height=\"370\" src=\"https:\/\/www.marinadofunchal.pt\/islandmadeira\/wp-content\/uploads\/2025\/02\/IMG_2809-370x370.jpg\" class=\"attachment-trx_addons-thumb-avatar size-trx_addons-thumb-avatar\" alt=\"\" srcset=\"https:\/\/www.marinadofunchal.pt\/islandmadeira\/wp-content\/uploads\/2025\/02\/IMG_2809-370x370.jpg 370w, https:\/\/www.marinadofunchal.pt\/islandmadeira\/wp-content\/uploads\/2025\/02\/IMG_2809-150x150.jpg 150w, https:\/\/www.marinadofunchal.pt\/islandmadeira\/wp-content\/uploads\/2025\/02\/IMG_2809-120x120.jpg 120w\" sizes=\"auto, (max-width: 600px) 100vw, 370px\" \/><\/a>\n\t\t\t<\/div><\/figure><figure class='gallery-item'>\n\t\t\t<div class='gallery-icon landscape'>\n\t\t\t\t<a href='https:\/\/www.marinadofunchal.pt\/islandmadeira\/wp-content\/uploads\/2025\/02\/IMG_2812.jpg'><img loading=\"lazy\" decoding=\"async\" width=\"370\" height=\"370\" src=\"https:\/\/www.marinadofunchal.pt\/islandmadeira\/wp-content\/uploads\/2025\/02\/IMG_2812-370x370.jpg\" class=\"attachment-trx_addons-thumb-avatar size-trx_addons-thumb-avatar\" alt=\"\" srcset=\"https:\/\/www.marinadofunchal.pt\/islandmadeira\/wp-content\/uploads\/2025\/02\/IMG_2812-370x370.jpg 370w, https:\/\/www.marinadofunchal.pt\/islandmadeira\/wp-content\/uploads\/2025\/02\/IMG_2812-150x150.jpg 150w, https:\/\/www.marinadofunchal.pt\/islandmadeira\/wp-content\/uploads\/2025\/02\/IMG_2812-120x120.jpg 120w\" sizes=\"auto, (max-width: 600px) 100vw, 370px\" \/><\/a>\n\t\t\t<\/div><\/figure><figure class='gallery-item'>\n\t\t\t<div class='gallery-icon portrait'>\n\t\t\t\t<a href='https:\/\/www.marinadofunchal.pt\/islandmadeira\/wp-content\/uploads\/2025\/02\/IMG_2814.jpg'><img loading=\"lazy\" decoding=\"async\" width=\"370\" height=\"370\" src=\"https:\/\/www.marinadofunchal.pt\/islandmadeira\/wp-content\/uploads\/2025\/02\/IMG_2814-370x370.jpg\" class=\"attachment-trx_addons-thumb-avatar size-trx_addons-thumb-avatar\" alt=\"\" srcset=\"https:\/\/www.marinadofunchal.pt\/islandmadeira\/wp-content\/uploads\/2025\/02\/IMG_2814-370x370.jpg 370w, https:\/\/www.marinadofunchal.pt\/islandmadeira\/wp-content\/uploads\/2025\/02\/IMG_2814-150x150.jpg 150w, https:\/\/www.marinadofunchal.pt\/islandmadeira\/wp-content\/uploads\/2025\/02\/IMG_2814-120x120.jpg 120w\" sizes=\"auto, (max-width: 600px) 100vw, 370px\" \/><\/a>\n\t\t\t<\/div><\/figure><figure class='gallery-item'>\n\t\t\t<div class='gallery-icon landscape'>\n\t\t\t\t<a href='https:\/\/www.marinadofunchal.pt\/islandmadeira\/wp-content\/uploads\/2025\/02\/IMG_2816.jpg'><img loading=\"lazy\" decoding=\"async\" width=\"370\" height=\"370\" src=\"https:\/\/www.marinadofunchal.pt\/islandmadeira\/wp-content\/uploads\/2025\/02\/IMG_2816-370x370.jpg\" class=\"attachment-trx_addons-thumb-avatar size-trx_addons-thumb-avatar\" alt=\"\" srcset=\"https:\/\/www.marinadofunchal.pt\/islandmadeira\/wp-content\/uploads\/2025\/02\/IMG_2816-370x370.jpg 370w, https:\/\/www.marinadofunchal.pt\/islandmadeira\/wp-content\/uploads\/2025\/02\/IMG_2816-150x150.jpg 150w, https:\/\/www.marinadofunchal.pt\/islandmadeira\/wp-content\/uploads\/2025\/02\/IMG_2816-120x120.jpg 120w\" sizes=\"auto, (max-width: 600px) 100vw, 370px\" \/><\/a>\n\t\t\t<\/div><\/figure><figure class='gallery-item'>\n\t\t\t<div class='gallery-icon landscape'>\n\t\t\t\t<a href='https:\/\/www.marinadofunchal.pt\/islandmadeira\/wp-content\/uploads\/2025\/02\/IMG_2818.jpg'><img loading=\"lazy\" decoding=\"async\" width=\"370\" height=\"370\" src=\"https:\/\/www.marinadofunchal.pt\/islandmadeira\/wp-content\/uploads\/2025\/02\/IMG_2818-370x370.jpg\" class=\"attachment-trx_addons-thumb-avatar size-trx_addons-thumb-avatar\" alt=\"\" srcset=\"https:\/\/www.marinadofunchal.pt\/islandmadeira\/wp-content\/uploads\/2025\/02\/IMG_2818-370x370.jpg 370w, https:\/\/www.marinadofunchal.pt\/islandmadeira\/wp-content\/uploads\/2025\/02\/IMG_2818-150x150.jpg 150w, https:\/\/www.marinadofunchal.pt\/islandmadeira\/wp-content\/uploads\/2025\/02\/IMG_2818-120x120.jpg 120w\" sizes=\"auto, (max-width: 600px) 100vw, 370px\" \/><\/a>\n\t\t\t<\/div><\/figure><figure class='gallery-item'>\n\t\t\t<div class='gallery-icon landscape'>\n\t\t\t\t<a href='https:\/\/www.marinadofunchal.pt\/islandmadeira\/wp-content\/uploads\/2025\/02\/IMG_2820.jpg'><img loading=\"lazy\" decoding=\"async\" width=\"370\" height=\"370\" src=\"https:\/\/www.marinadofunchal.pt\/islandmadeira\/wp-content\/uploads\/2025\/02\/IMG_2820-370x370.jpg\" class=\"attachment-trx_addons-thumb-avatar size-trx_addons-thumb-avatar\" alt=\"\" srcset=\"https:\/\/www.marinadofunchal.pt\/islandmadeira\/wp-content\/uploads\/2025\/02\/IMG_2820-370x370.jpg 370w, https:\/\/www.marinadofunchal.pt\/islandmadeira\/wp-content\/uploads\/2025\/02\/IMG_2820-150x150.jpg 150w, https:\/\/www.marinadofunchal.pt\/islandmadeira\/wp-content\/uploads\/2025\/02\/IMG_2820-120x120.jpg 120w\" sizes=\"auto, (max-width: 600px) 100vw, 370px\" \/><\/a>\n\t\t\t<\/div><\/figure><figure class='gallery-item'>\n\t\t\t<div class='gallery-icon landscape'>\n\t\t\t\t<a href='https:\/\/www.marinadofunchal.pt\/islandmadeira\/wp-content\/uploads\/2025\/02\/IMG_2824.jpg'><img loading=\"lazy\" decoding=\"async\" width=\"370\" height=\"370\" src=\"https:\/\/www.marinadofunchal.pt\/islandmadeira\/wp-content\/uploads\/2025\/02\/IMG_2824-370x370.jpg\" class=\"attachment-trx_addons-thumb-avatar size-trx_addons-thumb-avatar\" alt=\"\" srcset=\"https:\/\/www.marinadofunchal.pt\/islandmadeira\/wp-content\/uploads\/2025\/02\/IMG_2824-370x370.jpg 370w, https:\/\/www.marinadofunchal.pt\/islandmadeira\/wp-content\/uploads\/2025\/02\/IMG_2824-150x150.jpg 150w, https:\/\/www.marinadofunchal.pt\/islandmadeira\/wp-content\/uploads\/2025\/02\/IMG_2824-120x120.jpg 120w\" sizes=\"auto, (max-width: 600px) 100vw, 370px\" \/><\/a>\n\t\t\t<\/div><\/figure><figure class='gallery-item'>\n\t\t\t<div class='gallery-icon landscape'>\n\t\t\t\t<a href='https:\/\/www.marinadofunchal.pt\/islandmadeira\/wp-content\/uploads\/2025\/02\/IMG_2826.jpg'><img loading=\"lazy\" decoding=\"async\" width=\"370\" height=\"370\" src=\"https:\/\/www.marinadofunchal.pt\/islandmadeira\/wp-content\/uploads\/2025\/02\/IMG_2826-370x370.jpg\" class=\"attachment-trx_addons-thumb-avatar size-trx_addons-thumb-avatar\" alt=\"\" srcset=\"https:\/\/www.marinadofunchal.pt\/islandmadeira\/wp-content\/uploads\/2025\/02\/IMG_2826-370x370.jpg 370w, https:\/\/www.marinadofunchal.pt\/islandmadeira\/wp-content\/uploads\/2025\/02\/IMG_2826-150x150.jpg 150w, https:\/\/www.marinadofunchal.pt\/islandmadeira\/wp-content\/uploads\/2025\/02\/IMG_2826-120x120.jpg 120w\" sizes=\"auto, (max-width: 600px) 100vw, 370px\" \/><\/a>\n\t\t\t<\/div><\/figure><figure class='gallery-item'>\n\t\t\t<div class='gallery-icon portrait'>\n\t\t\t\t<a href='https:\/\/www.marinadofunchal.pt\/islandmadeira\/wp-content\/uploads\/2025\/02\/IMG_2828.jpg'><img loading=\"lazy\" decoding=\"async\" width=\"370\" height=\"370\" src=\"https:\/\/www.marinadofunchal.pt\/islandmadeira\/wp-content\/uploads\/2025\/02\/IMG_2828-370x370.jpg\" class=\"attachment-trx_addons-thumb-avatar size-trx_addons-thumb-avatar\" alt=\"\" srcset=\"https:\/\/www.marinadofunchal.pt\/islandmadeira\/wp-content\/uploads\/2025\/02\/IMG_2828-370x370.jpg 370w, https:\/\/www.marinadofunchal.pt\/islandmadeira\/wp-content\/uploads\/2025\/02\/IMG_2828-150x150.jpg 150w, https:\/\/www.marinadofunchal.pt\/islandmadeira\/wp-content\/uploads\/2025\/02\/IMG_2828-120x120.jpg 120w\" sizes=\"auto, (max-width: 600px) 100vw, 370px\" \/><\/a>\n\t\t\t<\/div><\/figure><figure class='gallery-item'>\n\t\t\t<div class='gallery-icon landscape'>\n\t\t\t\t<a href='https:\/\/www.marinadofunchal.pt\/islandmadeira\/wp-content\/uploads\/2025\/02\/IMG_2830.jpg'><img loading=\"lazy\" decoding=\"async\" width=\"370\" height=\"370\" src=\"https:\/\/www.marinadofunchal.pt\/islandmadeira\/wp-content\/uploads\/2025\/02\/IMG_2830-370x370.jpg\" class=\"attachment-trx_addons-thumb-avatar size-trx_addons-thumb-avatar\" alt=\"\" srcset=\"https:\/\/www.marinadofunchal.pt\/islandmadeira\/wp-content\/uploads\/2025\/02\/IMG_2830-370x370.jpg 370w, https:\/\/www.marinadofunchal.pt\/islandmadeira\/wp-content\/uploads\/2025\/02\/IMG_2830-150x150.jpg 150w, https:\/\/www.marinadofunchal.pt\/islandmadeira\/wp-content\/uploads\/2025\/02\/IMG_2830-120x120.jpg 120w\" sizes=\"auto, (max-width: 600px) 100vw, 370px\" \/><\/a>\n\t\t\t<\/div><\/figure><figure class='gallery-item'>\n\t\t\t<div class='gallery-icon landscape'>\n\t\t\t\t<a href='https:\/\/www.marinadofunchal.pt\/islandmadeira\/wp-content\/uploads\/2025\/02\/IMG_2832.jpg'><img loading=\"lazy\" decoding=\"async\" width=\"370\" height=\"370\" src=\"https:\/\/www.marinadofunchal.pt\/islandmadeira\/wp-content\/uploads\/2025\/02\/IMG_2832-370x370.jpg\" class=\"attachment-trx_addons-thumb-avatar size-trx_addons-thumb-avatar\" alt=\"\" srcset=\"https:\/\/www.marinadofunchal.pt\/islandmadeira\/wp-content\/uploads\/2025\/02\/IMG_2832-370x370.jpg 370w, https:\/\/www.marinadofunchal.pt\/islandmadeira\/wp-content\/uploads\/2025\/02\/IMG_2832-150x150.jpg 150w, https:\/\/www.marinadofunchal.pt\/islandmadeira\/wp-content\/uploads\/2025\/02\/IMG_2832-120x120.jpg 120w\" sizes=\"auto, (max-width: 600px) 100vw, 370px\" \/><\/a>\n\t\t\t<\/div><\/figure><figure class='gallery-item'>\n\t\t\t<div class='gallery-icon portrait'>\n\t\t\t\t<a href='https:\/\/www.marinadofunchal.pt\/islandmadeira\/wp-content\/uploads\/2025\/02\/IMG_2834.jpg'><img loading=\"lazy\" decoding=\"async\" width=\"370\" height=\"370\" src=\"https:\/\/www.marinadofunchal.pt\/islandmadeira\/wp-content\/uploads\/2025\/02\/IMG_2834-370x370.jpg\" class=\"attachment-trx_addons-thumb-avatar size-trx_addons-thumb-avatar\" alt=\"\" srcset=\"https:\/\/www.marinadofunchal.pt\/islandmadeira\/wp-content\/uploads\/2025\/02\/IMG_2834-370x370.jpg 370w, https:\/\/www.marinadofunchal.pt\/islandmadeira\/wp-content\/uploads\/2025\/02\/IMG_2834-150x150.jpg 150w, https:\/\/www.marinadofunchal.pt\/islandmadeira\/wp-content\/uploads\/2025\/02\/IMG_2834-120x120.jpg 120w\" sizes=\"auto, (max-width: 600px) 100vw, 370px\" \/><\/a>\n\t\t\t<\/div><\/figure><figure class='gallery-item'>\n\t\t\t<div class='gallery-icon landscape'>\n\t\t\t\t<a href='https:\/\/www.marinadofunchal.pt\/islandmadeira\/wp-content\/uploads\/2025\/02\/IMG_2836.jpg'><img loading=\"lazy\" decoding=\"async\" width=\"370\" height=\"370\" src=\"https:\/\/www.marinadofunchal.pt\/islandmadeira\/wp-content\/uploads\/2025\/02\/IMG_2836-370x370.jpg\" class=\"attachment-trx_addons-thumb-avatar size-trx_addons-thumb-avatar\" alt=\"\" srcset=\"https:\/\/www.marinadofunchal.pt\/islandmadeira\/wp-content\/uploads\/2025\/02\/IMG_2836-370x370.jpg 370w, https:\/\/www.marinadofunchal.pt\/islandmadeira\/wp-content\/uploads\/2025\/02\/IMG_2836-150x150.jpg 150w, https:\/\/www.marinadofunchal.pt\/islandmadeira\/wp-content\/uploads\/2025\/02\/IMG_2836-120x120.jpg 120w\" sizes=\"auto, (max-width: 600px) 100vw, 370px\" \/><\/a>\n\t\t\t<\/div><\/figure><figure class='gallery-item'>\n\t\t\t<div class='gallery-icon landscape'>\n\t\t\t\t<a href='https:\/\/www.marinadofunchal.pt\/islandmadeira\/wp-content\/uploads\/2025\/02\/IMG_2838.jpg'><img loading=\"lazy\" decoding=\"async\" width=\"370\" height=\"370\" src=\"https:\/\/www.marinadofunchal.pt\/islandmadeira\/wp-content\/uploads\/2025\/02\/IMG_2838-370x370.jpg\" class=\"attachment-trx_addons-thumb-avatar size-trx_addons-thumb-avatar\" alt=\"\" srcset=\"https:\/\/www.marinadofunchal.pt\/islandmadeira\/wp-content\/uploads\/2025\/02\/IMG_2838-370x370.jpg 370w, https:\/\/www.marinadofunchal.pt\/islandmadeira\/wp-content\/uploads\/2025\/02\/IMG_2838-150x150.jpg 150w, https:\/\/www.marinadofunchal.pt\/islandmadeira\/wp-content\/uploads\/2025\/02\/IMG_2838-120x120.jpg 120w\" sizes=\"auto, (max-width: 600px) 100vw, 370px\" \/><\/a>\n\t\t\t<\/div><\/figure><figure class='gallery-item'>\n\t\t\t<div class='gallery-icon landscape'>\n\t\t\t\t<a href='https:\/\/www.marinadofunchal.pt\/islandmadeira\/wp-content\/uploads\/2025\/02\/IMG_2840.jpg'><img loading=\"lazy\" decoding=\"async\" width=\"370\" height=\"370\" src=\"https:\/\/www.marinadofunchal.pt\/islandmadeira\/wp-content\/uploads\/2025\/02\/IMG_2840-370x370.jpg\" class=\"attachment-trx_addons-thumb-avatar size-trx_addons-thumb-avatar\" alt=\"\" srcset=\"https:\/\/www.marinadofunchal.pt\/islandmadeira\/wp-content\/uploads\/2025\/02\/IMG_2840-370x370.jpg 370w, https:\/\/www.marinadofunchal.pt\/islandmadeira\/wp-content\/uploads\/2025\/02\/IMG_2840-150x150.jpg 150w, https:\/\/www.marinadofunchal.pt\/islandmadeira\/wp-content\/uploads\/2025\/02\/IMG_2840-120x120.jpg 120w\" sizes=\"auto, (max-width: 600px) 100vw, 370px\" \/><\/a>\n\t\t\t<\/div><\/figure><figure class='gallery-item'>\n\t\t\t<div class='gallery-icon portrait'>\n\t\t\t\t<a href='https:\/\/www.marinadofunchal.pt\/islandmadeira\/wp-content\/uploads\/2025\/02\/IMG_2842.jpg'><img loading=\"lazy\" decoding=\"async\" width=\"370\" height=\"370\" src=\"https:\/\/www.marinadofunchal.pt\/islandmadeira\/wp-content\/uploads\/2025\/02\/IMG_2842-370x370.jpg\" class=\"attachment-trx_addons-thumb-avatar size-trx_addons-thumb-avatar\" alt=\"\" srcset=\"https:\/\/www.marinadofunchal.pt\/islandmadeira\/wp-content\/uploads\/2025\/02\/IMG_2842-370x370.jpg 370w, https:\/\/www.marinadofunchal.pt\/islandmadeira\/wp-content\/uploads\/2025\/02\/IMG_2842-150x150.jpg 150w, https:\/\/www.marinadofunchal.pt\/islandmadeira\/wp-content\/uploads\/2025\/02\/IMG_2842-120x120.jpg 120w\" sizes=\"auto, (max-width: 600px) 100vw, 370px\" \/><\/a>\n\t\t\t<\/div><\/figure><figure class='gallery-item'>\n\t\t\t<div class='gallery-icon landscape'>\n\t\t\t\t<a href='https:\/\/www.marinadofunchal.pt\/islandmadeira\/wp-content\/uploads\/2025\/02\/IMG_2844.jpg'><img loading=\"lazy\" decoding=\"async\" width=\"370\" height=\"370\" src=\"https:\/\/www.marinadofunchal.pt\/islandmadeira\/wp-content\/uploads\/2025\/02\/IMG_2844-370x370.jpg\" class=\"attachment-trx_addons-thumb-avatar size-trx_addons-thumb-avatar\" alt=\"\" srcset=\"https:\/\/www.marinadofunchal.pt\/islandmadeira\/wp-content\/uploads\/2025\/02\/IMG_2844-370x370.jpg 370w, https:\/\/www.marinadofunchal.pt\/islandmadeira\/wp-content\/uploads\/2025\/02\/IMG_2844-150x150.jpg 150w, https:\/\/www.marinadofunchal.pt\/islandmadeira\/wp-content\/uploads\/2025\/02\/IMG_2844-120x120.jpg 120w\" sizes=\"auto, (max-width: 600px) 100vw, 370px\" \/><\/a>\n\t\t\t<\/div><\/figure><figure class='gallery-item'>\n\t\t\t<div class='gallery-icon portrait'>\n\t\t\t\t<a href='https:\/\/www.marinadofunchal.pt\/islandmadeira\/wp-content\/uploads\/2025\/02\/IMG_2846.jpg'><img loading=\"lazy\" decoding=\"async\" width=\"370\" height=\"370\" src=\"https:\/\/www.marinadofunchal.pt\/islandmadeira\/wp-content\/uploads\/2025\/02\/IMG_2846-370x370.jpg\" class=\"attachment-trx_addons-thumb-avatar size-trx_addons-thumb-avatar\" alt=\"\" srcset=\"https:\/\/www.marinadofunchal.pt\/islandmadeira\/wp-content\/uploads\/2025\/02\/IMG_2846-370x370.jpg 370w, https:\/\/www.marinadofunchal.pt\/islandmadeira\/wp-content\/uploads\/2025\/02\/IMG_2846-150x150.jpg 150w, https:\/\/www.marinadofunchal.pt\/islandmadeira\/wp-content\/uploads\/2025\/02\/IMG_2846-120x120.jpg 120w\" sizes=\"auto, (max-width: 600px) 100vw, 370px\" \/><\/a>\n\t\t\t<\/div><\/figure><figure class='gallery-item'>\n\t\t\t<div class='gallery-icon landscape'>\n\t\t\t\t<a href='https:\/\/www.marinadofunchal.pt\/islandmadeira\/wp-content\/uploads\/2025\/02\/IMG_2849.jpg'><img loading=\"lazy\" decoding=\"async\" width=\"370\" height=\"370\" src=\"https:\/\/www.marinadofunchal.pt\/islandmadeira\/wp-content\/uploads\/2025\/02\/IMG_2849-370x370.jpg\" class=\"attachment-trx_addons-thumb-avatar size-trx_addons-thumb-avatar\" alt=\"\" srcset=\"https:\/\/www.marinadofunchal.pt\/islandmadeira\/wp-content\/uploads\/2025\/02\/IMG_2849-370x370.jpg 370w, https:\/\/www.marinadofunchal.pt\/islandmadeira\/wp-content\/uploads\/2025\/02\/IMG_2849-150x150.jpg 150w, https:\/\/www.marinadofunchal.pt\/islandmadeira\/wp-content\/uploads\/2025\/02\/IMG_2849-120x120.jpg 120w\" sizes=\"auto, (max-width: 600px) 100vw, 370px\" \/><\/a>\n\t\t\t<\/div><\/figure><figure class='gallery-item'>\n\t\t\t<div class='gallery-icon landscape'>\n\t\t\t\t<a href='https:\/\/www.marinadofunchal.pt\/islandmadeira\/wp-content\/uploads\/2025\/02\/IMG_2852.jpg'><img loading=\"lazy\" decoding=\"async\" width=\"370\" height=\"370\" src=\"https:\/\/www.marinadofunchal.pt\/islandmadeira\/wp-content\/uploads\/2025\/02\/IMG_2852-370x370.jpg\" class=\"attachment-trx_addons-thumb-avatar size-trx_addons-thumb-avatar\" alt=\"\" srcset=\"https:\/\/www.marinadofunchal.pt\/islandmadeira\/wp-content\/uploads\/2025\/02\/IMG_2852-370x370.jpg 370w, https:\/\/www.marinadofunchal.pt\/islandmadeira\/wp-content\/uploads\/2025\/02\/IMG_2852-150x150.jpg 150w, https:\/\/www.marinadofunchal.pt\/islandmadeira\/wp-content\/uploads\/2025\/02\/IMG_2852-120x120.jpg 120w\" sizes=\"auto, (max-width: 600px) 100vw, 370px\" \/><\/a>\n\t\t\t<\/div><\/figure><figure class='gallery-item'>\n\t\t\t<div class='gallery-icon landscape'>\n\t\t\t\t<a href='https:\/\/www.marinadofunchal.pt\/islandmadeira\/wp-content\/uploads\/2025\/02\/IMG_2853.jpg'><img loading=\"lazy\" decoding=\"async\" width=\"370\" height=\"370\" src=\"https:\/\/www.marinadofunchal.pt\/islandmadeira\/wp-content\/uploads\/2025\/02\/IMG_2853-370x370.jpg\" class=\"attachment-trx_addons-thumb-avatar size-trx_addons-thumb-avatar\" alt=\"\" srcset=\"https:\/\/www.marinadofunchal.pt\/islandmadeira\/wp-content\/uploads\/2025\/02\/IMG_2853-370x370.jpg 370w, https:\/\/www.marinadofunchal.pt\/islandmadeira\/wp-content\/uploads\/2025\/02\/IMG_2853-150x150.jpg 150w, https:\/\/www.marinadofunchal.pt\/islandmadeira\/wp-content\/uploads\/2025\/02\/IMG_2853-120x120.jpg 120w\" sizes=\"auto, (max-width: 600px) 100vw, 370px\" \/><\/a>\n\t\t\t<\/div><\/figure><figure class='gallery-item'>\n\t\t\t<div class='gallery-icon landscape'>\n\t\t\t\t<a href='https:\/\/www.marinadofunchal.pt\/islandmadeira\/wp-content\/uploads\/2025\/02\/IMG_2860.jpg'><img loading=\"lazy\" decoding=\"async\" width=\"370\" height=\"370\" src=\"https:\/\/www.marinadofunchal.pt\/islandmadeira\/wp-content\/uploads\/2025\/02\/IMG_2860-370x370.jpg\" class=\"attachment-trx_addons-thumb-avatar size-trx_addons-thumb-avatar\" alt=\"\" srcset=\"https:\/\/www.marinadofunchal.pt\/islandmadeira\/wp-content\/uploads\/2025\/02\/IMG_2860-370x370.jpg 370w, https:\/\/www.marinadofunchal.pt\/islandmadeira\/wp-content\/uploads\/2025\/02\/IMG_2860-150x150.jpg 150w, https:\/\/www.marinadofunchal.pt\/islandmadeira\/wp-content\/uploads\/2025\/02\/IMG_2860-120x120.jpg 120w\" sizes=\"auto, (max-width: 600px) 100vw, 370px\" \/><\/a>\n\t\t\t<\/div><\/figure><figure class='gallery-item'>\n\t\t\t<div class='gallery-icon landscape'>\n\t\t\t\t<a href='https:\/\/www.marinadofunchal.pt\/islandmadeira\/wp-content\/uploads\/2025\/02\/IMG_2862.jpg'><img loading=\"lazy\" decoding=\"async\" width=\"370\" height=\"370\" src=\"https:\/\/www.marinadofunchal.pt\/islandmadeira\/wp-content\/uploads\/2025\/02\/IMG_2862-370x370.jpg\" class=\"attachment-trx_addons-thumb-avatar size-trx_addons-thumb-avatar\" alt=\"\" srcset=\"https:\/\/www.marinadofunchal.pt\/islandmadeira\/wp-content\/uploads\/2025\/02\/IMG_2862-370x370.jpg 370w, https:\/\/www.marinadofunchal.pt\/islandmadeira\/wp-content\/uploads\/2025\/02\/IMG_2862-150x150.jpg 150w, https:\/\/www.marinadofunchal.pt\/islandmadeira\/wp-content\/uploads\/2025\/02\/IMG_2862-120x120.jpg 120w\" sizes=\"auto, (max-width: 600px) 100vw, 370px\" \/><\/a>\n\t\t\t<\/div><\/figure><figure class='gallery-item'>\n\t\t\t<div class='gallery-icon portrait'>\n\t\t\t\t<a href='https:\/\/www.marinadofunchal.pt\/islandmadeira\/wp-content\/uploads\/2025\/02\/IMG_2864.jpg'><img loading=\"lazy\" decoding=\"async\" width=\"370\" height=\"370\" src=\"https:\/\/www.marinadofunchal.pt\/islandmadeira\/wp-content\/uploads\/2025\/02\/IMG_2864-370x370.jpg\" class=\"attachment-trx_addons-thumb-avatar size-trx_addons-thumb-avatar\" alt=\"\" srcset=\"https:\/\/www.marinadofunchal.pt\/islandmadeira\/wp-content\/uploads\/2025\/02\/IMG_2864-370x370.jpg 370w, https:\/\/www.marinadofunchal.pt\/islandmadeira\/wp-content\/uploads\/2025\/02\/IMG_2864-150x150.jpg 150w, https:\/\/www.marinadofunchal.pt\/islandmadeira\/wp-content\/uploads\/2025\/02\/IMG_2864-120x120.jpg 120w\" sizes=\"auto, (max-width: 600px) 100vw, 370px\" \/><\/a>\n\t\t\t<\/div><\/figure>\n\t\t<\/div>\n\n","protected":false},"excerpt":{"rendered":"<p>A Marina do Funchal tem agora um novo posto de abastecimento, equipado com tecnologia de&hellip;<\/p>\n","protected":false},"author":1,"featured_media":23165,"comment_status":"open","ping_status":"open","sticky":false,"template":"","format":"standard","meta":{"footnotes":""},"categories":[1],"tags":[],"class_list":["post-23112","post","type-post","status-publish","format-standard","has-post-thumbnail","hentry","category-noticias"],"yoast_head":"<!-- This site is optimized with the Yoast SEO plugin v27.0 - https:\/\/yoast.com\/product\/yoast-seo-wordpress\/ -->\n<title>Marina do Funchal com novo posto de abastecimento moderno e sustent\u00e1vel - Marina do Funchal<\/title>\n<meta name=\"robots\" content=\"index, follow, max-snippet:-1, max-image-preview:large, max-video-preview:-1\" \/>\n<link rel=\"canonical\" href=\"https:\/\/www.marinadofunchal.pt\/islandmadeira\/marina-do-funchal-com-novo-posto-de-abastecimento-moderno-e-sustentavel\/\" \/>\n<meta property=\"og:locale\" content=\"pt_PT\" \/>\n<meta property=\"og:type\" content=\"article\" \/>\n<meta property=\"og:title\" content=\"Marina do Funchal com novo posto de abastecimento moderno e sustent\u00e1vel - Marina do Funchal\" \/>\n<meta property=\"og:description\" content=\"A Marina do Funchal tem agora um novo posto de abastecimento, equipado com tecnologia de&hellip;\" \/>\n<meta property=\"og:url\" content=\"https:\/\/www.marinadofunchal.pt\/islandmadeira\/marina-do-funchal-com-novo-posto-de-abastecimento-moderno-e-sustentavel\/\" \/>\n<meta property=\"og:site_name\" content=\"Marina do Funchal\" \/>\n<meta property=\"article:published_time\" content=\"2025-02-28T18:53:01+00:00\" \/>\n<meta property=\"article:modified_time\" content=\"2025-02-28T18:55:28+00:00\" \/>\n<meta property=\"og:image\" content=\"https:\/\/www.marinadofunchal.pt\/islandmadeira\/wp-content\/uploads\/2025\/02\/IMG_2862.jpg\" \/>\n\t<meta property=\"og:image:width\" content=\"800\" \/>\n\t<meta property=\"og:image:height\" content=\"533\" \/>\n\t<meta property=\"og:image:type\" content=\"image\/jpeg\" \/>\n<meta name=\"author\" content=\"admin\" \/>\n<meta name=\"twitter:card\" content=\"summary_large_image\" \/>\n<meta name=\"twitter:label1\" content=\"Escrito por\" \/>\n\t<meta name=\"twitter:data1\" content=\"admin\" \/>\n\t<meta name=\"twitter:label2\" content=\"Tempo estimado de leitura\" \/>\n\t<meta name=\"twitter:data2\" content=\"2 minutos\" \/>\n<script type=\"application\/ld+json\" class=\"yoast-schema-graph\">{\"@context\":\"https:\/\/schema.org\",\"@graph\":[{\"@type\":\"Article\",\"@id\":\"https:\/\/www.marinadofunchal.pt\/islandmadeira\/marina-do-funchal-com-novo-posto-de-abastecimento-moderno-e-sustentavel\/#article\",\"isPartOf\":{\"@id\":\"https:\/\/www.marinadofunchal.pt\/islandmadeira\/marina-do-funchal-com-novo-posto-de-abastecimento-moderno-e-sustentavel\/\"},\"author\":{\"name\":\"admin\",\"@id\":\"https:\/\/www.marinadofunchal.pt\/islandmadeira\/#\/schema\/person\/5addc0edd56234b89f93d35f5d7db103\"},\"headline\":\"Marina do Funchal com novo posto de abastecimento moderno e sustent\u00e1vel\",\"datePublished\":\"2025-02-28T18:53:01+00:00\",\"dateModified\":\"2025-02-28T18:55:28+00:00\",\"mainEntityOfPage\":{\"@id\":\"https:\/\/www.marinadofunchal.pt\/islandmadeira\/marina-do-funchal-com-novo-posto-de-abastecimento-moderno-e-sustentavel\/\"},\"wordCount\":358,\"commentCount\":0,\"publisher\":{\"@id\":\"https:\/\/www.marinadofunchal.pt\/islandmadeira\/#organization\"},\"image\":{\"@id\":\"https:\/\/www.marinadofunchal.pt\/islandmadeira\/marina-do-funchal-com-novo-posto-de-abastecimento-moderno-e-sustentavel\/#primaryimage\"},\"thumbnailUrl\":\"https:\/\/www.marinadofunchal.pt\/islandmadeira\/wp-content\/uploads\/2025\/02\/IMG_2862.jpg\",\"articleSection\":[\"Not\u00edcias\"],\"inLanguage\":\"pt-PT\",\"potentialAction\":[{\"@type\":\"CommentAction\",\"name\":\"Comment\",\"target\":[\"https:\/\/www.marinadofunchal.pt\/islandmadeira\/marina-do-funchal-com-novo-posto-de-abastecimento-moderno-e-sustentavel\/#respond\"]}]},{\"@type\":\"WebPage\",\"@id\":\"https:\/\/www.marinadofunchal.pt\/islandmadeira\/marina-do-funchal-com-novo-posto-de-abastecimento-moderno-e-sustentavel\/\",\"url\":\"https:\/\/www.marinadofunchal.pt\/islandmadeira\/marina-do-funchal-com-novo-posto-de-abastecimento-moderno-e-sustentavel\/\",\"name\":\"Marina do Funchal com novo posto de abastecimento moderno e sustent\u00e1vel - Marina do Funchal\",\"isPartOf\":{\"@id\":\"https:\/\/www.marinadofunchal.pt\/islandmadeira\/#website\"},\"primaryImageOfPage\":{\"@id\":\"https:\/\/www.marinadofunchal.pt\/islandmadeira\/marina-do-funchal-com-novo-posto-de-abastecimento-moderno-e-sustentavel\/#primaryimage\"},\"image\":{\"@id\":\"https:\/\/www.marinadofunchal.pt\/islandmadeira\/marina-do-funchal-com-novo-posto-de-abastecimento-moderno-e-sustentavel\/#primaryimage\"},\"thumbnailUrl\":\"https:\/\/www.marinadofunchal.pt\/islandmadeira\/wp-content\/uploads\/2025\/02\/IMG_2862.jpg\",\"datePublished\":\"2025-02-28T18:53:01+00:00\",\"dateModified\":\"2025-02-28T18:55:28+00:00\",\"breadcrumb\":{\"@id\":\"https:\/\/www.marinadofunchal.pt\/islandmadeira\/marina-do-funchal-com-novo-posto-de-abastecimento-moderno-e-sustentavel\/#breadcrumb\"},\"inLanguage\":\"pt-PT\",\"potentialAction\":[{\"@type\":\"ReadAction\",\"target\":[\"https:\/\/www.marinadofunchal.pt\/islandmadeira\/marina-do-funchal-com-novo-posto-de-abastecimento-moderno-e-sustentavel\/\"]}]},{\"@type\":\"ImageObject\",\"inLanguage\":\"pt-PT\",\"@id\":\"https:\/\/www.marinadofunchal.pt\/islandmadeira\/marina-do-funchal-com-novo-posto-de-abastecimento-moderno-e-sustentavel\/#primaryimage\",\"url\":\"https:\/\/www.marinadofunchal.pt\/islandmadeira\/wp-content\/uploads\/2025\/02\/IMG_2862.jpg\",\"contentUrl\":\"https:\/\/www.marinadofunchal.pt\/islandmadeira\/wp-content\/uploads\/2025\/02\/IMG_2862.jpg\",\"width\":800,\"height\":533},{\"@type\":\"BreadcrumbList\",\"@id\":\"https:\/\/www.marinadofunchal.pt\/islandmadeira\/marina-do-funchal-com-novo-posto-de-abastecimento-moderno-e-sustentavel\/#breadcrumb\",\"itemListElement\":[{\"@type\":\"ListItem\",\"position\":1,\"name\":\"In\u00edcio\",\"item\":\"https:\/\/www.marinadofunchal.pt\/islandmadeira\/\"},{\"@type\":\"ListItem\",\"position\":2,\"name\":\"Marina do Funchal com novo posto de abastecimento moderno e sustent\u00e1vel\"}]},{\"@type\":\"WebSite\",\"@id\":\"https:\/\/www.marinadofunchal.pt\/islandmadeira\/#website\",\"url\":\"https:\/\/www.marinadofunchal.pt\/islandmadeira\/\",\"name\":\"Marina do Funchal\",\"description\":\"Ilha da Madeira\",\"publisher\":{\"@id\":\"https:\/\/www.marinadofunchal.pt\/islandmadeira\/#organization\"},\"potentialAction\":[{\"@type\":\"SearchAction\",\"target\":{\"@type\":\"EntryPoint\",\"urlTemplate\":\"https:\/\/www.marinadofunchal.pt\/islandmadeira\/?s={search_term_string}\"},\"query-input\":{\"@type\":\"PropertyValueSpecification\",\"valueRequired\":true,\"valueName\":\"search_term_string\"}}],\"inLanguage\":\"pt-PT\"},{\"@type\":\"Organization\",\"@id\":\"https:\/\/www.marinadofunchal.pt\/islandmadeira\/#organization\",\"name\":\"Marina do Funchal\",\"url\":\"https:\/\/www.marinadofunchal.pt\/islandmadeira\/\",\"logo\":{\"@type\":\"ImageObject\",\"inLanguage\":\"pt-PT\",\"@id\":\"https:\/\/www.marinadofunchal.pt\/islandmadeira\/#\/schema\/logo\/image\/\",\"url\":\"https:\/\/www.marinadofunchal.pt\/islandmadeira\/wp-content\/uploads\/2022\/05\/logo.jpeg\",\"contentUrl\":\"https:\/\/www.marinadofunchal.pt\/islandmadeira\/wp-content\/uploads\/2022\/05\/logo.jpeg\",\"width\":200,\"height\":268,\"caption\":\"Marina do Funchal\"},\"image\":{\"@id\":\"https:\/\/www.marinadofunchal.pt\/islandmadeira\/#\/schema\/logo\/image\/\"}},{\"@type\":\"Person\",\"@id\":\"https:\/\/www.marinadofunchal.pt\/islandmadeira\/#\/schema\/person\/5addc0edd56234b89f93d35f5d7db103\",\"name\":\"admin\",\"image\":{\"@type\":\"ImageObject\",\"inLanguage\":\"pt-PT\",\"@id\":\"https:\/\/www.marinadofunchal.pt\/islandmadeira\/#\/schema\/person\/image\/\",\"url\":\"https:\/\/secure.gravatar.com\/avatar\/0235e0ab9af9e3dfe5be5be676c79a41b3c10028bfd5bc04130a69960f44de39?s=96&d=mm&r=g\",\"contentUrl\":\"https:\/\/secure.gravatar.com\/avatar\/0235e0ab9af9e3dfe5be5be676c79a41b3c10028bfd5bc04130a69960f44de39?s=96&d=mm&r=g\",\"caption\":\"admin\"},\"sameAs\":[\"http:\/\/www.marinadofunchal.pt\/islandmadeira\"],\"url\":\"https:\/\/www.marinadofunchal.pt\/islandmadeira\/author\/admin\/\"}]}<\/script>\n<!-- \/ Yoast SEO plugin. -->","yoast_head_json":{"title":"Marina do Funchal com novo posto de abastecimento moderno e sustent\u00e1vel - Marina do Funchal","robots":{"index":"index","follow":"follow","max-snippet":"max-snippet:-1","max-image-preview":"max-image-preview:large","max-video-preview":"max-video-preview:-1"},"canonical":"https:\/\/www.marinadofunchal.pt\/islandmadeira\/marina-do-funchal-com-novo-posto-de-abastecimento-moderno-e-sustentavel\/","og_locale":"pt_PT","og_type":"article","og_title":"Marina do Funchal com novo posto de abastecimento moderno e sustent\u00e1vel - Marina do Funchal","og_description":"A Marina do Funchal tem agora um novo posto de abastecimento, equipado com tecnologia de&hellip;","og_url":"https:\/\/www.marinadofunchal.pt\/islandmadeira\/marina-do-funchal-com-novo-posto-de-abastecimento-moderno-e-sustentavel\/","og_site_name":"Marina do Funchal","article_published_time":"2025-02-28T18:53:01+00:00","article_modified_time":"2025-02-28T18:55:28+00:00","og_image":[{"width":800,"height":533,"url":"https:\/\/www.marinadofunchal.pt\/islandmadeira\/wp-content\/uploads\/2025\/02\/IMG_2862.jpg","type":"image\/jpeg"}],"author":"admin","twitter_card":"summary_large_image","twitter_misc":{"Escrito por":"admin","Tempo estimado de leitura":"2 minutos"},"schema":{"@context":"https:\/\/schema.org","@graph":[{"@type":"Article","@id":"https:\/\/www.marinadofunchal.pt\/islandmadeira\/marina-do-funchal-com-novo-posto-de-abastecimento-moderno-e-sustentavel\/#article","isPartOf":{"@id":"https:\/\/www.marinadofunchal.pt\/islandmadeira\/marina-do-funchal-com-novo-posto-de-abastecimento-moderno-e-sustentavel\/"},"author":{"name":"admin","@id":"https:\/\/www.marinadofunchal.pt\/islandmadeira\/#\/schema\/person\/5addc0edd56234b89f93d35f5d7db103"},"headline":"Marina do Funchal com novo posto de abastecimento moderno e sustent\u00e1vel","datePublished":"2025-02-28T18:53:01+00:00","dateModified":"2025-02-28T18:55:28+00:00","mainEntityOfPage":{"@id":"https:\/\/www.marinadofunchal.pt\/islandmadeira\/marina-do-funchal-com-novo-posto-de-abastecimento-moderno-e-sustentavel\/"},"wordCount":358,"commentCount":0,"publisher":{"@id":"https:\/\/www.marinadofunchal.pt\/islandmadeira\/#organization"},"image":{"@id":"https:\/\/www.marinadofunchal.pt\/islandmadeira\/marina-do-funchal-com-novo-posto-de-abastecimento-moderno-e-sustentavel\/#primaryimage"},"thumbnailUrl":"https:\/\/www.marinadofunchal.pt\/islandmadeira\/wp-content\/uploads\/2025\/02\/IMG_2862.jpg","articleSection":["Not\u00edcias"],"inLanguage":"pt-PT","potentialAction":[{"@type":"CommentAction","name":"Comment","target":["https:\/\/www.marinadofunchal.pt\/islandmadeira\/marina-do-funchal-com-novo-posto-de-abastecimento-moderno-e-sustentavel\/#respond"]}]},{"@type":"WebPage","@id":"https:\/\/www.marinadofunchal.pt\/islandmadeira\/marina-do-funchal-com-novo-posto-de-abastecimento-moderno-e-sustentavel\/","url":"https:\/\/www.marinadofunchal.pt\/islandmadeira\/marina-do-funchal-com-novo-posto-de-abastecimento-moderno-e-sustentavel\/","name":"Marina do Funchal com novo posto de abastecimento moderno e sustent\u00e1vel - Marina do Funchal","isPartOf":{"@id":"https:\/\/www.marinadofunchal.pt\/islandmadeira\/#website"},"primaryImageOfPage":{"@id":"https:\/\/www.marinadofunchal.pt\/islandmadeira\/marina-do-funchal-com-novo-posto-de-abastecimento-moderno-e-sustentavel\/#primaryimage"},"image":{"@id":"https:\/\/www.marinadofunchal.pt\/islandmadeira\/marina-do-funchal-com-novo-posto-de-abastecimento-moderno-e-sustentavel\/#primaryimage"},"thumbnailUrl":"https:\/\/www.marinadofunchal.pt\/islandmadeira\/wp-content\/uploads\/2025\/02\/IMG_2862.jpg","datePublished":"2025-02-28T18:53:01+00:00","dateModified":"2025-02-28T18:55:28+00:00","breadcrumb":{"@id":"https:\/\/www.marinadofunchal.pt\/islandmadeira\/marina-do-funchal-com-novo-posto-de-abastecimento-moderno-e-sustentavel\/#breadcrumb"},"inLanguage":"pt-PT","potentialAction":[{"@type":"ReadAction","target":["https:\/\/www.marinadofunchal.pt\/islandmadeira\/marina-do-funchal-com-novo-posto-de-abastecimento-moderno-e-sustentavel\/"]}]},{"@type":"ImageObject","inLanguage":"pt-PT","@id":"https:\/\/www.marinadofunchal.pt\/islandmadeira\/marina-do-funchal-com-novo-posto-de-abastecimento-moderno-e-sustentavel\/#primaryimage","url":"https:\/\/www.marinadofunchal.pt\/islandmadeira\/wp-content\/uploads\/2025\/02\/IMG_2862.jpg","contentUrl":"https:\/\/www.marinadofunchal.pt\/islandmadeira\/wp-content\/uploads\/2025\/02\/IMG_2862.jpg","width":800,"height":533},{"@type":"BreadcrumbList","@id":"https:\/\/www.marinadofunchal.pt\/islandmadeira\/marina-do-funchal-com-novo-posto-de-abastecimento-moderno-e-sustentavel\/#breadcrumb","itemListElement":[{"@type":"ListItem","position":1,"name":"In\u00edcio","item":"https:\/\/www.marinadofunchal.pt\/islandmadeira\/"},{"@type":"ListItem","position":2,"name":"Marina do Funchal com novo posto de abastecimento moderno e sustent\u00e1vel"}]},{"@type":"WebSite","@id":"https:\/\/www.marinadofunchal.pt\/islandmadeira\/#website","url":"https:\/\/www.marinadofunchal.pt\/islandmadeira\/","name":"Marina do Funchal","description":"Ilha da Madeira","publisher":{"@id":"https:\/\/www.marinadofunchal.pt\/islandmadeira\/#organization"},"potentialAction":[{"@type":"SearchAction","target":{"@type":"EntryPoint","urlTemplate":"https:\/\/www.marinadofunchal.pt\/islandmadeira\/?s={search_term_string}"},"query-input":{"@type":"PropertyValueSpecification","valueRequired":true,"valueName":"search_term_string"}}],"inLanguage":"pt-PT"},{"@type":"Organization","@id":"https:\/\/www.marinadofunchal.pt\/islandmadeira\/#organization","name":"Marina do Funchal","url":"https:\/\/www.marinadofunchal.pt\/islandmadeira\/","logo":{"@type":"ImageObject","inLanguage":"pt-PT","@id":"https:\/\/www.marinadofunchal.pt\/islandmadeira\/#\/schema\/logo\/image\/","url":"https:\/\/www.marinadofunchal.pt\/islandmadeira\/wp-content\/uploads\/2022\/05\/logo.jpeg","contentUrl":"https:\/\/www.marinadofunchal.pt\/islandmadeira\/wp-content\/uploads\/2022\/05\/logo.jpeg","width":200,"height":268,"caption":"Marina do Funchal"},"image":{"@id":"https:\/\/www.marinadofunchal.pt\/islandmadeira\/#\/schema\/logo\/image\/"}},{"@type":"Person","@id":"https:\/\/www.marinadofunchal.pt\/islandmadeira\/#\/schema\/person\/5addc0edd56234b89f93d35f5d7db103","name":"admin","image":{"@type":"ImageObject","inLanguage":"pt-PT","@id":"https:\/\/www.marinadofunchal.pt\/islandmadeira\/#\/schema\/person\/image\/","url":"https:\/\/secure.gravatar.com\/avatar\/0235e0ab9af9e3dfe5be5be676c79a41b3c10028bfd5bc04130a69960f44de39?s=96&d=mm&r=g","contentUrl":"https:\/\/secure.gravatar.com\/avatar\/0235e0ab9af9e3dfe5be5be676c79a41b3c10028bfd5bc04130a69960f44de39?s=96&d=mm&r=g","caption":"admin"},"sameAs":["http:\/\/www.marinadofunchal.pt\/islandmadeira"],"url":"https:\/\/www.marinadofunchal.pt\/islandmadeira\/author\/admin\/"}]}},"_links":{"self":[{"href":"https:\/\/www.marinadofunchal.pt\/islandmadeira\/wp-json\/wp\/v2\/posts\/23112","targetHints":{"allow":["GET"]}}],"collection":[{"href":"https:\/\/www.marinadofunchal.pt\/islandmadeira\/wp-json\/wp\/v2\/posts"}],"about":[{"href":"https:\/\/www.marinadofunchal.pt\/islandmadeira\/wp-json\/wp\/v2\/types\/post"}],"author":[{"embeddable":true,"href":"https:\/\/www.marinadofunchal.pt\/islandmadeira\/wp-json\/wp\/v2\/users\/1"}],"replies":[{"embeddable":true,"href":"https:\/\/www.marinadofunchal.pt\/islandmadeira\/wp-json\/wp\/v2\/comments?post=23112"}],"version-history":[{"count":10,"href":"https:\/\/www.marinadofunchal.pt\/islandmadeira\/wp-json\/wp\/v2\/posts\/23112\/revisions"}],"predecessor-version":[{"id":23172,"href":"https:\/\/www.marinadofunchal.pt\/islandmadeira\/wp-json\/wp\/v2\/posts\/23112\/revisions\/23172"}],"wp:featuredmedia":[{"embeddable":true,"href":"https:\/\/www.marinadofunchal.pt\/islandmadeira\/wp-json\/wp\/v2\/media\/23165"}],"wp:attachment":[{"href":"https:\/\/www.marinadofunchal.pt\/islandmadeira\/wp-json\/wp\/v2\/media?parent=23112"}],"wp:term":[{"taxonomy":"category","embeddable":true,"href":"https:\/\/www.marinadofunchal.pt\/islandmadeira\/wp-json\/wp\/v2\/categories?post=23112"},{"taxonomy":"post_tag","embeddable":true,"href":"https:\/\/www.marinadofunchal.pt\/islandmadeira\/wp-json\/wp\/v2\/tags?post=23112"}],"curies":[{"name":"wp","href":"https:\/\/api.w.org\/{rel}","templated":true}]}}